{"id":32946,"date":"2021-01-15T17:15:54","date_gmt":"2021-01-15T20:15:54","guid":{"rendered":"http:\/\/www.radio94fm.net\/site\/?p=32946"},"modified":"2021-01-15T17:15:54","modified_gmt":"2021-01-15T20:15:54","slug":"prefeita-jussara-menicucci-e-eleita-nova-presidente-do-cislav","status":"publish","type":"post","link":"https:\/\/radio94fm.net\/site\/prefeita-jussara-menicucci-e-eleita-nova-presidente-do-cislav\/","title":{"rendered":"Prefeita Jussara Menicucci \u00e9 eleita nova presidente do Cislav"},"content":{"rendered":"<p><a href=\"https:\/\/www.radio94fm.net\/site\/wp-content\/uploads\/2020\/02\/FIQUE-POR-DENTRO-1.gif\"><img loading=\"lazy\" decoding=\"async\" class=\"size-full wp-image-32063 aligncenter\" src=\"https:\/\/www.radio94fm.net\/site\/wp-content\/uploads\/2020\/02\/FIQUE-POR-DENTRO-1.gif\" alt=\"\" width=\"604\" height=\"80\"><\/a><\/p>\n<p>&nbsp;<\/p>\n<p>&nbsp;<\/p>\n<p><a href=\"https:\/\/www.radio94fm.net\/site\/wp-content\/uploads\/2020\/11\/QVnXi-iO_400x400.jpg\"><img loading=\"lazy\" decoding=\"async\" class=\" wp-image-32549 aligncenter\" src=\"https:\/\/www.radio94fm.net\/site\/wp-content\/uploads\/2020\/11\/QVnXi-iO_400x400.jpg\" alt=\"\" width=\"398\" height=\"398\"><\/a><\/p>\n<p>&nbsp;<\/p>\n<p>&nbsp;<\/p>\n<p>Foi eleita na quinta feira(07) a nova diretoria do Cislav- Cons\u00f3rcio Intermunicipal de Sa\u00fade dos Munic\u00edpios da Microrregi\u00e3o de Lavras, a prefeita Jussara Menicucci ser\u00e1 a nova presidente do cons\u00f3rcio.<br \/>\nA prefeita Jussara Menicucci, falou a reportagem da 94Fm sobre a import\u00e2ncia do cons\u00f3rcio para a regi\u00e3o.<\/p>\n<p>&nbsp;<\/p>\n<audio class=\"wp-audio-shortcode\" id=\"audio-32946-1\" preload=\"none\" style=\"width: 100%;\" controls=\"controls\"><source type=\"audio\/mpeg\" src=\"https:\/\/www.radio94fm.net\/site\/wp-content\/uploads\/2021\/01\/FPD-JUSSARA-PRESIDENTE-DO-CISLAV-12-01-21-Pedro.mp3?_=1\" \/><a href=\"https:\/\/www.radio94fm.net\/site\/wp-content\/uploads\/2021\/01\/FPD-JUSSARA-PRESIDENTE-DO-CISLAV-12-01-21-Pedro.mp3\">https:\/\/www.radio94fm.net\/site\/wp-content\/uploads\/2021\/01\/FPD-JUSSARA-PRESIDENTE-DO-CISLAV-12-01-21-Pedro.mp3<\/a><\/audio>\n<p>&nbsp;<\/p>\n<p>&nbsp;<\/p>\n<p>&nbsp;<\/p>\n<p>&nbsp;<\/p>\n<p><a href=\"https:\/\/www.radio94fm.net\/site\/wp-content\/uploads\/2020\/02\/FIQUE-POR-DENTRO-2-BANNER.gif\"><img loading=\"lazy\" decoding=\"async\" class=\"size-full wp-image-32065 aligncenter\" src=\"https:\/\/www.radio94fm.net\/site\/wp-content\/uploads\/2020\/02\/FIQUE-POR-DENTRO-2-BANNER.gif\" alt=\"\" width=\"604\" height=\"154\"><\/a><\/p>\n","protected":false},"excerpt":{"rendered":"<p>&nbsp; &nbsp; &nbsp; &nbsp; Foi eleita na quinta feira(07) a nova diretoria do Cislav- Cons\u00f3rcio Intermunicipal de Sa\u00fade dos Munic\u00edpios da Microrregi\u00e3o de Lavras, a prefeita Jussara Menicucci ser\u00e1 a nova presidente do cons\u00f3rcio. A prefeita Jussara Menicucci, falou a reportagem da 94Fm sobre a import\u00e2ncia do cons\u00f3rcio para a regi\u00e3o. &nbsp; &nbsp; &nbsp; &nbsp;&#8230;<\/p>\n","protected":false},"author":1,"featured_media":0,"comment_status":"open","ping_status":"closed","sticky":false,"template":"","format":"standard","meta":{"ngg_post_thumbnail":0,"footnotes":""},"categories":[54],"tags":[],"class_list":["post-32946","post","type-post","status-publish","format-standard","hentry","category-fique-por-dentro"],"_links":{"self":[{"href":"https:\/\/radio94fm.net\/site\/wp-json\/wp\/v2\/posts\/32946","targetHints":{"allow":["GET"]}}],"collection":[{"href":"https:\/\/radio94fm.net\/site\/wp-json\/wp\/v2\/posts"}],"about":[{"href":"https:\/\/radio94fm.net\/site\/wp-json\/wp\/v2\/types\/post"}],"author":[{"embeddable":true,"href":"https:\/\/radio94fm.net\/site\/wp-json\/wp\/v2\/users\/1"}],"replies":[{"embeddable":true,"href":"https:\/\/radio94fm.net\/site\/wp-json\/wp\/v2\/comments?post=32946"}],"version-history":[{"count":0,"href":"https:\/\/radio94fm.net\/site\/wp-json\/wp\/v2\/posts\/32946\/revisions"}],"wp:attachment":[{"href":"https:\/\/radio94fm.net\/site\/wp-json\/wp\/v2\/media?parent=32946"}],"wp:term":[{"taxonomy":"category","embeddable":true,"href":"https:\/\/radio94fm.net\/site\/wp-json\/wp\/v2\/categories?post=32946"},{"taxonomy":"post_tag","embeddable":true,"href":"https:\/\/radio94fm.net\/site\/wp-json\/wp\/v2\/tags?post=32946"}],"curies":[{"name":"wp","href":"https:\/\/api.w.org\/{rel}","templated":true}]}}