{"id":32942,"date":"2021-01-15T16:47:45","date_gmt":"2021-01-15T19:47:45","guid":{"rendered":"http:\/\/www.radio94fm.net\/site\/?p=32942"},"modified":"2021-01-15T16:47:45","modified_gmt":"2021-01-15T19:47:45","slug":"desemprego-preocupa-populacao-brasileira","status":"publish","type":"post","link":"https:\/\/radio94fm.net\/site\/desemprego-preocupa-populacao-brasileira\/","title":{"rendered":"Desemprego preocupa popula\u00e7\u00e3o brasileira"},"content":{"rendered":"<p><a href=\"https:\/\/www.radio94fm.net\/site\/wp-content\/uploads\/2020\/02\/FIQUE-POR-DENTRO-1.gif\"><img loading=\"lazy\" decoding=\"async\" class=\"size-full wp-image-32063 aligncenter\" src=\"https:\/\/www.radio94fm.net\/site\/wp-content\/uploads\/2020\/02\/FIQUE-POR-DENTRO-1.gif\" alt=\"\" width=\"604\" height=\"80\"><\/a><\/p>\n<p>&nbsp;<\/p>\n<p>&nbsp;<\/p>\n<p><a href=\"https:\/\/www.radio94fm.net\/site\/wp-content\/uploads\/2018\/09\/qualificacao-profissional1-e1303235093303.jpg\"><img loading=\"lazy\" decoding=\"async\" class=\"wp-image-28901 aligncenter\" src=\"https:\/\/www.radio94fm.net\/site\/wp-content\/uploads\/2018\/09\/qualificacao-profissional1-e1303235093303.jpg\" alt=\"\" width=\"560\" height=\"420\"><\/a><\/p>\n<p>&nbsp;<\/p>\n<p>&nbsp;<\/p>\n<p>Segundo uma pesquisa feita pela Confedera\u00e7\u00e3o Nacional das Ind\u00fastrias, o medo de perder o emprego cresce entre os brasileiros.<br \/>\nA reportagem da 94FM, conversou com alguns ouvintes que falaram sobre suas percep\u00e7\u00f5es a respeito do desemprego.<\/p>\n<p>&nbsp;<\/p>\n<audio class=\"wp-audio-shortcode\" id=\"audio-32942-1\" preload=\"none\" style=\"width: 100%;\" controls=\"controls\"><source type=\"audio\/mpeg\" src=\"https:\/\/www.radio94fm.net\/site\/wp-content\/uploads\/2021\/01\/FPD-MEDO-DO-DESEMPREGO-12-01-21-Vanessa.mp3?_=1\" \/><a href=\"https:\/\/www.radio94fm.net\/site\/wp-content\/uploads\/2021\/01\/FPD-MEDO-DO-DESEMPREGO-12-01-21-Vanessa.mp3\">https:\/\/www.radio94fm.net\/site\/wp-content\/uploads\/2021\/01\/FPD-MEDO-DO-DESEMPREGO-12-01-21-Vanessa.mp3<\/a><\/audio>\n<p>&nbsp;<\/p>\n<p>&nbsp;<\/p>\n<p>&nbsp;<\/p>\n<p>&nbsp;<\/p>\n<p><a href=\"https:\/\/www.radio94fm.net\/site\/wp-content\/uploads\/2020\/02\/FIQUE-POR-DENTRO-2-BANNER.gif\"><img loading=\"lazy\" decoding=\"async\" class=\"size-full wp-image-32065 aligncenter\" src=\"https:\/\/www.radio94fm.net\/site\/wp-content\/uploads\/2020\/02\/FIQUE-POR-DENTRO-2-BANNER.gif\" alt=\"\" width=\"604\" height=\"154\"><\/a><\/p>\n","protected":false},"excerpt":{"rendered":"<p>&nbsp; &nbsp; &nbsp; &nbsp; Segundo uma pesquisa feita pela Confedera\u00e7\u00e3o Nacional das Ind\u00fastrias, o medo de perder o emprego cresce entre os brasileiros. A reportagem da 94FM, conversou com alguns ouvintes que falaram sobre suas percep\u00e7\u00f5es a respeito do desemprego. &nbsp; &nbsp; &nbsp; &nbsp; &nbsp;<\/p>\n","protected":false},"author":1,"featured_media":28901,"comment_status":"open","ping_status":"closed","sticky":false,"template":"","format":"standard","meta":{"ngg_post_thumbnail":0,"footnotes":""},"categories":[54],"tags":[],"class_list":["post-32942","post","type-post","status-publish","format-standard","has-post-thumbnail","hentry","category-fique-por-dentro","have-post-thumb"],"_links":{"self":[{"href":"https:\/\/radio94fm.net\/site\/wp-json\/wp\/v2\/posts\/32942","targetHints":{"allow":["GET"]}}],"collection":[{"href":"https:\/\/radio94fm.net\/site\/wp-json\/wp\/v2\/posts"}],"about":[{"href":"https:\/\/radio94fm.net\/site\/wp-json\/wp\/v2\/types\/post"}],"author":[{"embeddable":true,"href":"https:\/\/radio94fm.net\/site\/wp-json\/wp\/v2\/users\/1"}],"replies":[{"embeddable":true,"href":"https:\/\/radio94fm.net\/site\/wp-json\/wp\/v2\/comments?post=32942"}],"version-history":[{"count":0,"href":"https:\/\/radio94fm.net\/site\/wp-json\/wp\/v2\/posts\/32942\/revisions"}],"wp:attachment":[{"href":"https:\/\/radio94fm.net\/site\/wp-json\/wp\/v2\/media?parent=32942"}],"wp:term":[{"taxonomy":"category","embeddable":true,"href":"https:\/\/radio94fm.net\/site\/wp-json\/wp\/v2\/categories?post=32942"},{"taxonomy":"post_tag","embeddable":true,"href":"https:\/\/radio94fm.net\/site\/wp-json\/wp\/v2\/tags?post=32942"}],"curies":[{"name":"wp","href":"https:\/\/api.w.org\/{rel}","templated":true}]}}