{"id":32937,"date":"2021-01-15T11:20:00","date_gmt":"2021-01-15T14:20:00","guid":{"rendered":"http:\/\/www.radio94fm.net\/site\/?p=32937"},"modified":"2021-01-15T11:20:00","modified_gmt":"2021-01-15T14:20:00","slug":"exposicoes-de-carros-antigos-em-lavras-so-devem-retornar-apos-vacinacao-para-covid19","status":"publish","type":"post","link":"https:\/\/radio94fm.net\/site\/exposicoes-de-carros-antigos-em-lavras-so-devem-retornar-apos-vacinacao-para-covid19\/","title":{"rendered":"Exposi\u00e7\u00f5es de carros antigos em Lavras s\u00f3 devem retornar ap\u00f3s vacina\u00e7\u00e3o para covid19"},"content":{"rendered":"<p><a href=\"https:\/\/www.radio94fm.net\/site\/wp-content\/uploads\/2020\/02\/FIQUE-POR-DENTRO-1.gif\"><img loading=\"lazy\" decoding=\"async\" class=\"size-full wp-image-32063 aligncenter\" src=\"https:\/\/www.radio94fm.net\/site\/wp-content\/uploads\/2020\/02\/FIQUE-POR-DENTRO-1.gif\" alt=\"\" width=\"604\" height=\"80\"><\/a><\/p>\n<p>&nbsp;<\/p>\n<p>&nbsp;<\/p>\n<p><a href=\"https:\/\/www.radio94fm.net\/site\/wp-content\/uploads\/2021\/01\/old-1184126_640.jpg\"><img loading=\"lazy\" decoding=\"async\" class=\"wp-image-32938 aligncenter\" src=\"https:\/\/www.radio94fm.net\/site\/wp-content\/uploads\/2021\/01\/old-1184126_640.jpg\" alt=\"\" width=\"560\" height=\"419\"><\/a><\/p>\n<p>&nbsp;<\/p>\n<p>&nbsp;<\/p>\n<p>O Clube dos Ve\u00edculos Antigos de Lavras \u00e9 uma associa\u00e7\u00e3o da cidade conhecida pela realiza\u00e7\u00e3o de eventos onde s\u00e3o expostos centenas de carros antigos de colecionadores de Lavras e regi\u00e3o.<\/p>\n<p>Paulo Ludgero que \u00e9 o presidente do Clube dos Ve\u00edculos Antigos de Lavras, falou a reportagem da 94Fm sobre o cancelamento das atividades do clube no ano passado.<\/p>\n<p>&nbsp;<\/p>\n<audio class=\"wp-audio-shortcode\" id=\"audio-32937-1\" preload=\"none\" style=\"width: 100%;\" controls=\"controls\"><source type=\"audio\/mpeg\" src=\"https:\/\/www.radio94fm.net\/site\/wp-content\/uploads\/2021\/01\/FPD-CLUBE-DOS-VEICULOS-ANTIGOS-11-01-21-Pedro.mp3?_=1\" \/><a href=\"https:\/\/www.radio94fm.net\/site\/wp-content\/uploads\/2021\/01\/FPD-CLUBE-DOS-VEICULOS-ANTIGOS-11-01-21-Pedro.mp3\">https:\/\/www.radio94fm.net\/site\/wp-content\/uploads\/2021\/01\/FPD-CLUBE-DOS-VEICULOS-ANTIGOS-11-01-21-Pedro.mp3<\/a><\/audio>\n<p>&nbsp;<\/p>\n<p>&nbsp;<\/p>\n<p>&nbsp;<\/p>\n<p><a href=\"https:\/\/www.radio94fm.net\/site\/wp-content\/uploads\/2020\/02\/FIQUE-POR-DENTRO-2-BANNER.gif\"><img loading=\"lazy\" decoding=\"async\" class=\"size-full wp-image-32065 aligncenter\" src=\"https:\/\/www.radio94fm.net\/site\/wp-content\/uploads\/2020\/02\/FIQUE-POR-DENTRO-2-BANNER.gif\" alt=\"\" width=\"604\" height=\"154\"><\/a><\/p>\n","protected":false},"excerpt":{"rendered":"<p>&nbsp; &nbsp; &nbsp; &nbsp; O Clube dos Ve\u00edculos Antigos de Lavras \u00e9 uma associa\u00e7\u00e3o da cidade conhecida pela realiza\u00e7\u00e3o de eventos onde s\u00e3o expostos centenas de carros antigos de colecionadores de Lavras e regi\u00e3o. Paulo Ludgero que \u00e9 o presidente do Clube dos Ve\u00edculos Antigos de Lavras, falou a reportagem da 94Fm sobre o cancelamento&#8230;<\/p>\n","protected":false},"author":1,"featured_media":32938,"comment_status":"open","ping_status":"closed","sticky":false,"template":"","format":"standard","meta":{"ngg_post_thumbnail":0,"footnotes":""},"categories":[54],"tags":[],"class_list":["post-32937","post","type-post","status-publish","format-standard","has-post-thumbnail","hentry","category-fique-por-dentro","have-post-thumb"],"_links":{"self":[{"href":"https:\/\/radio94fm.net\/site\/wp-json\/wp\/v2\/posts\/32937","targetHints":{"allow":["GET"]}}],"collection":[{"href":"https:\/\/radio94fm.net\/site\/wp-json\/wp\/v2\/posts"}],"about":[{"href":"https:\/\/radio94fm.net\/site\/wp-json\/wp\/v2\/types\/post"}],"author":[{"embeddable":true,"href":"https:\/\/radio94fm.net\/site\/wp-json\/wp\/v2\/users\/1"}],"replies":[{"embeddable":true,"href":"https:\/\/radio94fm.net\/site\/wp-json\/wp\/v2\/comments?post=32937"}],"version-history":[{"count":0,"href":"https:\/\/radio94fm.net\/site\/wp-json\/wp\/v2\/posts\/32937\/revisions"}],"wp:attachment":[{"href":"https:\/\/radio94fm.net\/site\/wp-json\/wp\/v2\/media?parent=32937"}],"wp:term":[{"taxonomy":"category","embeddable":true,"href":"https:\/\/radio94fm.net\/site\/wp-json\/wp\/v2\/categories?post=32937"},{"taxonomy":"post_tag","embeddable":true,"href":"https:\/\/radio94fm.net\/site\/wp-json\/wp\/v2\/tags?post=32937"}],"curies":[{"name":"wp","href":"https:\/\/api.w.org\/{rel}","templated":true}]}}