{"id":32927,"date":"2021-01-15T10:25:45","date_gmt":"2021-01-15T13:25:45","guid":{"rendered":"http:\/\/www.radio94fm.net\/site\/?p=32927"},"modified":"2021-01-15T10:25:45","modified_gmt":"2021-01-15T13:25:45","slug":"grupo-br-265-nao-aprova-operacao-tapa-buraco-2","status":"publish","type":"post","link":"https:\/\/radio94fm.net\/site\/grupo-br-265-nao-aprova-operacao-tapa-buraco-2\/","title":{"rendered":"Grupo BR 265 n\u00e3o aprova opera\u00e7\u00e3o tapa buraco"},"content":{"rendered":"<p><a href=\"https:\/\/www.radio94fm.net\/site\/wp-content\/uploads\/2020\/02\/FIQUE-POR-DENTRO-1.gif\"><img loading=\"lazy\" decoding=\"async\" class=\"size-full wp-image-32063 aligncenter\" src=\"https:\/\/www.radio94fm.net\/site\/wp-content\/uploads\/2020\/02\/FIQUE-POR-DENTRO-1.gif\" alt=\"\" width=\"604\" height=\"80\"><\/a><\/p>\n<p>&nbsp;<\/p>\n<p>&nbsp;<\/p>\n<p><a href=\"https:\/\/www.radio94fm.net\/site\/wp-content\/uploads\/2020\/08\/1038311.jpg\"><img loading=\"lazy\" decoding=\"async\" class=\" wp-image-32303 aligncenter\" src=\"https:\/\/www.radio94fm.net\/site\/wp-content\/uploads\/2020\/08\/1038311.jpg\" alt=\"\" width=\"560\" height=\"420\"><\/a><\/p>\n<p>&nbsp;<\/p>\n<p>&nbsp;<\/p>\n<p>A Reportagem da Radio 94 conversou com Neuza Cristina Saraiva, que faz parte no whatsapp do Grupo: \u201cBR 265 S.O.S.\u201d Segundo a usu\u00e1ria da rodovia BR 265, o grupo foi criado por cidad\u00e3os, para fortalecer a buscar de solu\u00e7\u00e3o para o problema da BR265 que tem ocasionado graves acidentes causando preju\u00edzos aos usu\u00e1rios e ceifando vidas. Ela fala sobre os riscos que a rodovia oferece e da inefici\u00eancia da opera\u00e7\u00e3o \u201ctapa buracos\u201d.<\/p>\n<p>&nbsp;<\/p>\n<audio class=\"wp-audio-shortcode\" id=\"audio-32927-1\" preload=\"none\" style=\"width: 100%;\" controls=\"controls\"><source type=\"audio\/mpeg\" src=\"https:\/\/www.radio94fm.net\/site\/wp-content\/uploads\/2021\/01\/FPD-GRUPO-BR265-SOS-11-01-21-Vanessa.mp3?_=1\" \/><a href=\"https:\/\/www.radio94fm.net\/site\/wp-content\/uploads\/2021\/01\/FPD-GRUPO-BR265-SOS-11-01-21-Vanessa.mp3\">https:\/\/www.radio94fm.net\/site\/wp-content\/uploads\/2021\/01\/FPD-GRUPO-BR265-SOS-11-01-21-Vanessa.mp3<\/a><\/audio>\n<p>&nbsp;<\/p>\n<p>&nbsp;<\/p>\n<p>&nbsp;<\/p>\n<p>&nbsp;<\/p>\n<p><a href=\"https:\/\/www.radio94fm.net\/site\/wp-content\/uploads\/2020\/02\/FIQUE-POR-DENTRO-2-BANNER.gif\"><img loading=\"lazy\" decoding=\"async\" class=\"size-full wp-image-32065 aligncenter\" src=\"https:\/\/www.radio94fm.net\/site\/wp-content\/uploads\/2020\/02\/FIQUE-POR-DENTRO-2-BANNER.gif\" alt=\"\" width=\"604\" height=\"154\"><\/a><\/p>\n","protected":false},"excerpt":{"rendered":"<p>&nbsp; &nbsp; &nbsp; &nbsp; A Reportagem da Radio 94 conversou com Neuza Cristina Saraiva, que faz parte no whatsapp do Grupo: \u201cBR 265 S.O.S.\u201d Segundo a usu\u00e1ria da rodovia BR 265, o grupo foi criado por cidad\u00e3os, para fortalecer a buscar de solu\u00e7\u00e3o para o problema da BR265 que tem ocasionado graves acidentes causando preju\u00edzos&#8230;<\/p>\n","protected":false},"author":1,"featured_media":32303,"comment_status":"open","ping_status":"closed","sticky":false,"template":"","format":"standard","meta":{"ngg_post_thumbnail":0,"footnotes":""},"categories":[54],"tags":[],"class_list":["post-32927","post","type-post","status-publish","format-standard","has-post-thumbnail","hentry","category-fique-por-dentro","have-post-thumb"],"_links":{"self":[{"href":"https:\/\/radio94fm.net\/site\/wp-json\/wp\/v2\/posts\/32927","targetHints":{"allow":["GET"]}}],"collection":[{"href":"https:\/\/radio94fm.net\/site\/wp-json\/wp\/v2\/posts"}],"about":[{"href":"https:\/\/radio94fm.net\/site\/wp-json\/wp\/v2\/types\/post"}],"author":[{"embeddable":true,"href":"https:\/\/radio94fm.net\/site\/wp-json\/wp\/v2\/users\/1"}],"replies":[{"embeddable":true,"href":"https:\/\/radio94fm.net\/site\/wp-json\/wp\/v2\/comments?post=32927"}],"version-history":[{"count":0,"href":"https:\/\/radio94fm.net\/site\/wp-json\/wp\/v2\/posts\/32927\/revisions"}],"wp:attachment":[{"href":"https:\/\/radio94fm.net\/site\/wp-json\/wp\/v2\/media?parent=32927"}],"wp:term":[{"taxonomy":"category","embeddable":true,"href":"https:\/\/radio94fm.net\/site\/wp-json\/wp\/v2\/categories?post=32927"},{"taxonomy":"post_tag","embeddable":true,"href":"https:\/\/radio94fm.net\/site\/wp-json\/wp\/v2\/tags?post=32927"}],"curies":[{"name":"wp","href":"https:\/\/api.w.org\/{rel}","templated":true}]}}