{"id":32914,"date":"2021-01-15T09:36:43","date_gmt":"2021-01-15T12:36:43","guid":{"rendered":"http:\/\/www.radio94fm.net\/site\/?p=32914"},"modified":"2021-01-15T09:36:43","modified_gmt":"2021-01-15T12:36:43","slug":"lar-e-vida-promove-segunda-testagem-para-covid19","status":"publish","type":"post","link":"https:\/\/radio94fm.net\/site\/lar-e-vida-promove-segunda-testagem-para-covid19\/","title":{"rendered":"Lar e Vida promove segunda testagem para covid19"},"content":{"rendered":"<p><a href=\"https:\/\/www.radio94fm.net\/site\/wp-content\/uploads\/2020\/02\/FIQUE-POR-DENTRO-1.gif\"><img loading=\"lazy\" decoding=\"async\" class=\"size-full wp-image-32063 aligncenter\" src=\"https:\/\/www.radio94fm.net\/site\/wp-content\/uploads\/2020\/02\/FIQUE-POR-DENTRO-1.gif\" alt=\"\" width=\"604\" height=\"80\"><\/a><\/p>\n<p>&nbsp;<\/p>\n<p>&nbsp;<\/p>\n<p><a href=\"https:\/\/www.radio94fm.net\/site\/wp-content\/uploads\/2021\/01\/covid-5027031_640.jpg\"><img loading=\"lazy\" decoding=\"async\" class=\"wp-image-32915 aligncenter\" src=\"https:\/\/www.radio94fm.net\/site\/wp-content\/uploads\/2021\/01\/covid-5027031_640.jpg\" alt=\"\" width=\"540\" height=\"360\"><\/a><\/p>\n<p>&nbsp;<\/p>\n<p>&nbsp;<\/p>\n<p>Na \u00faltima quarta-feira(6) a equipe do LabCovid da Universidade Federal de Lavras, promoveu uma a\u00e7\u00e3o no Lar e Vida para realizar testagem em funcion\u00e1rios, volunt\u00e1rios, parentes e assistidos que frequentam o local.<br \/>\nA psic\u00f3loga Viviane Oliveira, que e coordenadora da equipe t\u00e9cnica contou a reportagem da 94Fm como foi a a\u00e7\u00e3o realizada.<\/p>\n<p>&nbsp;<\/p>\n<audio class=\"wp-audio-shortcode\" id=\"audio-32914-1\" preload=\"none\" style=\"width: 100%;\" controls=\"controls\"><source type=\"audio\/mpeg\" src=\"https:\/\/www.radio94fm.net\/site\/wp-content\/uploads\/2021\/01\/FPD-LAR-E-VIDA-TESTA-ASSISTIDOS-08-01-21-Pedro.mp3?_=1\" \/><a href=\"https:\/\/www.radio94fm.net\/site\/wp-content\/uploads\/2021\/01\/FPD-LAR-E-VIDA-TESTA-ASSISTIDOS-08-01-21-Pedro.mp3\">https:\/\/www.radio94fm.net\/site\/wp-content\/uploads\/2021\/01\/FPD-LAR-E-VIDA-TESTA-ASSISTIDOS-08-01-21-Pedro.mp3<\/a><\/audio>\n<p>&nbsp;<\/p>\n<p>&nbsp;<\/p>\n<p>&nbsp;<\/p>\n<p><a href=\"https:\/\/www.radio94fm.net\/site\/wp-content\/uploads\/2020\/02\/FIQUE-POR-DENTRO-2-BANNER.gif\"><img loading=\"lazy\" decoding=\"async\" class=\"size-full wp-image-32065 aligncenter\" src=\"https:\/\/www.radio94fm.net\/site\/wp-content\/uploads\/2020\/02\/FIQUE-POR-DENTRO-2-BANNER.gif\" alt=\"\" width=\"604\" height=\"154\"><\/a><\/p>\n","protected":false},"excerpt":{"rendered":"<p>&nbsp; &nbsp; &nbsp; &nbsp; Na \u00faltima quarta-feira(6) a equipe do LabCovid da Universidade Federal de Lavras, promoveu uma a\u00e7\u00e3o no Lar e Vida para realizar testagem em funcion\u00e1rios, volunt\u00e1rios, parentes e assistidos que frequentam o local. A psic\u00f3loga Viviane Oliveira, que e coordenadora da equipe t\u00e9cnica contou a reportagem da 94Fm como foi a a\u00e7\u00e3o&#8230;<\/p>\n","protected":false},"author":1,"featured_media":32915,"comment_status":"open","ping_status":"closed","sticky":false,"template":"","format":"standard","meta":{"ngg_post_thumbnail":0,"footnotes":""},"categories":[54],"tags":[],"class_list":["post-32914","post","type-post","status-publish","format-standard","has-post-thumbnail","hentry","category-fique-por-dentro","have-post-thumb"],"_links":{"self":[{"href":"https:\/\/radio94fm.net\/site\/wp-json\/wp\/v2\/posts\/32914","targetHints":{"allow":["GET"]}}],"collection":[{"href":"https:\/\/radio94fm.net\/site\/wp-json\/wp\/v2\/posts"}],"about":[{"href":"https:\/\/radio94fm.net\/site\/wp-json\/wp\/v2\/types\/post"}],"author":[{"embeddable":true,"href":"https:\/\/radio94fm.net\/site\/wp-json\/wp\/v2\/users\/1"}],"replies":[{"embeddable":true,"href":"https:\/\/radio94fm.net\/site\/wp-json\/wp\/v2\/comments?post=32914"}],"version-history":[{"count":0,"href":"https:\/\/radio94fm.net\/site\/wp-json\/wp\/v2\/posts\/32914\/revisions"}],"wp:attachment":[{"href":"https:\/\/radio94fm.net\/site\/wp-json\/wp\/v2\/media?parent=32914"}],"wp:term":[{"taxonomy":"category","embeddable":true,"href":"https:\/\/radio94fm.net\/site\/wp-json\/wp\/v2\/categories?post=32914"},{"taxonomy":"post_tag","embeddable":true,"href":"https:\/\/radio94fm.net\/site\/wp-json\/wp\/v2\/tags?post=32914"}],"curies":[{"name":"wp","href":"https:\/\/api.w.org\/{rel}","templated":true}]}}