{"id":32908,"date":"2021-01-15T09:05:45","date_gmt":"2021-01-15T12:05:45","guid":{"rendered":"http:\/\/www.radio94fm.net\/site\/?p=32908"},"modified":"2021-01-15T09:05:45","modified_gmt":"2021-01-15T12:05:45","slug":"programa-de-castracao-gratuita-vai-voltar-em-lavras","status":"publish","type":"post","link":"https:\/\/radio94fm.net\/site\/programa-de-castracao-gratuita-vai-voltar-em-lavras\/","title":{"rendered":"Retorno do funcionamento do programa de castra\u00e7\u00e3o gratuita em Lavras"},"content":{"rendered":"<p><a href=\"https:\/\/www.radio94fm.net\/site\/wp-content\/uploads\/2020\/02\/FIQUE-POR-DENTRO-1.gif\"><img loading=\"lazy\" decoding=\"async\" class=\"size-full wp-image-32063 aligncenter\" src=\"https:\/\/www.radio94fm.net\/site\/wp-content\/uploads\/2020\/02\/FIQUE-POR-DENTRO-1.gif\" alt=\"\" width=\"604\" height=\"80\"><\/a><\/p>\n<p>&nbsp;<\/p>\n<p>&nbsp;<\/p>\n<p>&nbsp;<\/p>\n<p><a href=\"https:\/\/www.radio94fm.net\/site\/wp-content\/uploads\/2021\/01\/cao-e-gato.jpg\"><img loading=\"lazy\" decoding=\"async\" class=\"wp-image-32909 aligncenter\" src=\"https:\/\/www.radio94fm.net\/site\/wp-content\/uploads\/2021\/01\/cao-e-gato.jpg\" alt=\"\" width=\"504\" height=\"507\" srcset=\"https:\/\/radio94fm.net\/site\/wp-content\/uploads\/2021\/01\/cao-e-gato.jpg 2038w, https:\/\/radio94fm.net\/site\/wp-content\/uploads\/2021\/01\/cao-e-gato-1019x1024.jpg 1019w, https:\/\/radio94fm.net\/site\/wp-content\/uploads\/2021\/01\/cao-e-gato-150x150.jpg 150w, https:\/\/radio94fm.net\/site\/wp-content\/uploads\/2021\/01\/cao-e-gato-768x772.jpg 768w, https:\/\/radio94fm.net\/site\/wp-content\/uploads\/2021\/01\/cao-e-gato-1529x1536.jpg 1529w\" sizes=\"auto, (max-width: 504px) 100vw, 504px\" \/><\/a><\/p>\n<p>&nbsp;<\/p>\n<p>&nbsp;<\/p>\n<p>&nbsp;<\/p>\n<p>&nbsp;<\/p>\n<p>Est\u00e3o acontecendo as reuni\u00f5es na prefeitura de Lavras para tratar do programa de castra\u00e7\u00e3o gratuita de cachorros e gatos.<br \/>\nEm entrevista a reportagem 94Fm a vereadora Daia Protetora, falou sobre o retorno do programa de castra\u00e7\u00e3o e outros projetos voltados para os animais dom\u00e9sticos.<\/p>\n<p>&nbsp;<\/p>\n<p>&nbsp;<\/p>\n<audio class=\"wp-audio-shortcode\" id=\"audio-32908-1\" preload=\"none\" style=\"width: 100%;\" controls=\"controls\"><source type=\"audio\/mpeg\" src=\"https:\/\/www.radio94fm.net\/site\/wp-content\/uploads\/2021\/01\/FPD-PROGRAMA-DE-CASTRACAO-08-01-21-Pedro.mp3?_=1\" \/><a href=\"https:\/\/www.radio94fm.net\/site\/wp-content\/uploads\/2021\/01\/FPD-PROGRAMA-DE-CASTRACAO-08-01-21-Pedro.mp3\">https:\/\/www.radio94fm.net\/site\/wp-content\/uploads\/2021\/01\/FPD-PROGRAMA-DE-CASTRACAO-08-01-21-Pedro.mp3<\/a><\/audio>\n<p>&nbsp;<\/p>\n<p>&nbsp;<\/p>\n<p>&nbsp;<\/p>\n<p><a href=\"https:\/\/www.radio94fm.net\/site\/wp-content\/uploads\/2020\/02\/FIQUE-POR-DENTRO-2-BANNER.gif\"><img loading=\"lazy\" decoding=\"async\" class=\"size-full wp-image-32065 aligncenter\" src=\"https:\/\/www.radio94fm.net\/site\/wp-content\/uploads\/2020\/02\/FIQUE-POR-DENTRO-2-BANNER.gif\" alt=\"\" width=\"604\" height=\"154\"><\/a><\/p>\n","protected":false},"excerpt":{"rendered":"<p>&nbsp; &nbsp; &nbsp; &nbsp; &nbsp; &nbsp; &nbsp; Est\u00e3o acontecendo as reuni\u00f5es na prefeitura de Lavras para tratar do programa de castra\u00e7\u00e3o gratuita de cachorros e gatos. Em entrevista a reportagem 94Fm a vereadora Daia Protetora, falou sobre o retorno do programa de castra\u00e7\u00e3o e outros projetos voltados para os animais dom\u00e9sticos. &nbsp; &nbsp; &nbsp; &nbsp;&#8230;<\/p>\n","protected":false},"author":1,"featured_media":32909,"comment_status":"open","ping_status":"closed","sticky":false,"template":"","format":"standard","meta":{"ngg_post_thumbnail":0,"footnotes":""},"categories":[54],"tags":[],"class_list":["post-32908","post","type-post","status-publish","format-standard","has-post-thumbnail","hentry","category-fique-por-dentro","have-post-thumb"],"_links":{"self":[{"href":"https:\/\/radio94fm.net\/site\/wp-json\/wp\/v2\/posts\/32908","targetHints":{"allow":["GET"]}}],"collection":[{"href":"https:\/\/radio94fm.net\/site\/wp-json\/wp\/v2\/posts"}],"about":[{"href":"https:\/\/radio94fm.net\/site\/wp-json\/wp\/v2\/types\/post"}],"author":[{"embeddable":true,"href":"https:\/\/radio94fm.net\/site\/wp-json\/wp\/v2\/users\/1"}],"replies":[{"embeddable":true,"href":"https:\/\/radio94fm.net\/site\/wp-json\/wp\/v2\/comments?post=32908"}],"version-history":[{"count":0,"href":"https:\/\/radio94fm.net\/site\/wp-json\/wp\/v2\/posts\/32908\/revisions"}],"wp:featuredmedia":[{"embeddable":true,"href":"https:\/\/radio94fm.net\/site\/wp-json\/wp\/v2\/media\/32909"}],"wp:attachment":[{"href":"https:\/\/radio94fm.net\/site\/wp-json\/wp\/v2\/media?parent=32908"}],"wp:term":[{"taxonomy":"category","embeddable":true,"href":"https:\/\/radio94fm.net\/site\/wp-json\/wp\/v2\/categories?post=32908"},{"taxonomy":"post_tag","embeddable":true,"href":"https:\/\/radio94fm.net\/site\/wp-json\/wp\/v2\/tags?post=32908"}],"curies":[{"name":"wp","href":"https:\/\/api.w.org\/{rel}","templated":true}]}}