{"id":32878,"date":"2021-01-11T08:38:20","date_gmt":"2021-01-11T11:38:20","guid":{"rendered":"http:\/\/www.radio94fm.net\/site\/?p=32878"},"modified":"2021-01-11T08:38:20","modified_gmt":"2021-01-11T11:38:20","slug":"administrador-do-lar-e-vida-conta-como-a-instituicao-atravessou-o-ultimo-ano","status":"publish","type":"post","link":"https:\/\/radio94fm.net\/site\/administrador-do-lar-e-vida-conta-como-a-instituicao-atravessou-o-ultimo-ano\/","title":{"rendered":"Administrador do Lar e Vida conta como a institui\u00e7\u00e3o atravessou o \u00faltimo ano"},"content":{"rendered":"<p><a href=\"https:\/\/www.radio94fm.net\/site\/wp-content\/uploads\/2020\/02\/FIQUE-POR-DENTRO-1.gif\"><img loading=\"lazy\" decoding=\"async\" class=\"size-full wp-image-32063 aligncenter\" src=\"https:\/\/www.radio94fm.net\/site\/wp-content\/uploads\/2020\/02\/FIQUE-POR-DENTRO-1.gif\" alt=\"\" width=\"604\" height=\"80\"><\/a><\/p>\n<p>&nbsp;<\/p>\n<p><a href=\"https:\/\/www.radio94fm.net\/site\/wp-content\/uploads\/2021\/01\/profile_95bf05b8-be84-4307-9013-7018082a734d.png\"><img loading=\"lazy\" decoding=\"async\" class=\"wp-image-32879 aligncenter\" src=\"https:\/\/www.radio94fm.net\/site\/wp-content\/uploads\/2021\/01\/profile_95bf05b8-be84-4307-9013-7018082a734d.png\" alt=\"\" width=\"464\" height=\"464\"><\/a><\/p>\n<p>&nbsp;<\/p>\n<p>O Lar Esperan\u00e7a e Vida tem como objetivo prestar assist\u00eancia as pessoas em tratamento de c\u00e2ncer de Lavras e regi\u00e3o, melhorando a qualidade de vida e autoestima desses pacientes oferecendo apoio psicol\u00f3gico, fisioter\u00e1pico, jur\u00eddico, odontol\u00f3gico e nutricional.<br \/>\nO administrador do Lar e Vida, Marcelo Alves Granjeiro, contou a reportagem da 94Fm como foi o ano de 2020 para a institui\u00e7\u00e3o.<\/p>\n<p>&nbsp;<\/p>\n<audio class=\"wp-audio-shortcode\" id=\"audio-32878-1\" preload=\"none\" style=\"width: 100%;\" controls=\"controls\"><source type=\"audio\/mpeg\" src=\"https:\/\/www.radio94fm.net\/site\/wp-content\/uploads\/2021\/01\/FPD-LAR-E-VIDA-06-01-21-Pedro.mp3?_=1\" \/><a href=\"https:\/\/www.radio94fm.net\/site\/wp-content\/uploads\/2021\/01\/FPD-LAR-E-VIDA-06-01-21-Pedro.mp3\">https:\/\/www.radio94fm.net\/site\/wp-content\/uploads\/2021\/01\/FPD-LAR-E-VIDA-06-01-21-Pedro.mp3<\/a><\/audio>\n<p>&nbsp;<\/p>\n<p>&nbsp;<\/p>\n<p><a href=\"https:\/\/www.radio94fm.net\/site\/wp-content\/uploads\/2020\/02\/FIQUE-POR-DENTRO-2-BANNER.gif\"><img loading=\"lazy\" decoding=\"async\" class=\"size-full wp-image-32065 aligncenter\" src=\"https:\/\/www.radio94fm.net\/site\/wp-content\/uploads\/2020\/02\/FIQUE-POR-DENTRO-2-BANNER.gif\" alt=\"\" width=\"604\" height=\"154\"><\/a><\/p>\n","protected":false},"excerpt":{"rendered":"<p>&nbsp; &nbsp; O Lar Esperan\u00e7a e Vida tem como objetivo prestar assist\u00eancia as pessoas em tratamento de c\u00e2ncer de Lavras e regi\u00e3o, melhorando a qualidade de vida e autoestima desses pacientes oferecendo apoio psicol\u00f3gico, fisioter\u00e1pico, jur\u00eddico, odontol\u00f3gico e nutricional. O administrador do Lar e Vida, Marcelo Alves Granjeiro, contou a reportagem da 94Fm como foi&#8230;<\/p>\n","protected":false},"author":1,"featured_media":32879,"comment_status":"open","ping_status":"closed","sticky":false,"template":"","format":"standard","meta":{"ngg_post_thumbnail":0,"footnotes":""},"categories":[54],"tags":[],"class_list":["post-32878","post","type-post","status-publish","format-standard","has-post-thumbnail","hentry","category-fique-por-dentro","have-post-thumb"],"_links":{"self":[{"href":"https:\/\/radio94fm.net\/site\/wp-json\/wp\/v2\/posts\/32878","targetHints":{"allow":["GET"]}}],"collection":[{"href":"https:\/\/radio94fm.net\/site\/wp-json\/wp\/v2\/posts"}],"about":[{"href":"https:\/\/radio94fm.net\/site\/wp-json\/wp\/v2\/types\/post"}],"author":[{"embeddable":true,"href":"https:\/\/radio94fm.net\/site\/wp-json\/wp\/v2\/users\/1"}],"replies":[{"embeddable":true,"href":"https:\/\/radio94fm.net\/site\/wp-json\/wp\/v2\/comments?post=32878"}],"version-history":[{"count":0,"href":"https:\/\/radio94fm.net\/site\/wp-json\/wp\/v2\/posts\/32878\/revisions"}],"wp:attachment":[{"href":"https:\/\/radio94fm.net\/site\/wp-json\/wp\/v2\/media?parent=32878"}],"wp:term":[{"taxonomy":"category","embeddable":true,"href":"https:\/\/radio94fm.net\/site\/wp-json\/wp\/v2\/categories?post=32878"},{"taxonomy":"post_tag","embeddable":true,"href":"https:\/\/radio94fm.net\/site\/wp-json\/wp\/v2\/tags?post=32878"}],"curies":[{"name":"wp","href":"https:\/\/api.w.org\/{rel}","templated":true}]}}