{"id":32860,"date":"2021-01-06T11:52:04","date_gmt":"2021-01-06T14:52:04","guid":{"rendered":"http:\/\/www.radio94fm.net\/site\/?p=32860"},"modified":"2021-01-06T11:52:04","modified_gmt":"2021-01-06T14:52:04","slug":"vereadores-foram-empossados-e-elegem-alisson-matiolli-para-presidente-da-camara","status":"publish","type":"post","link":"https:\/\/radio94fm.net\/site\/vereadores-foram-empossados-e-elegem-alisson-matiolli-para-presidente-da-camara\/","title":{"rendered":"Vereadores foram empossados e elegem Alisson Matiolli para presidente da c\u00e2mara"},"content":{"rendered":"<p><a href=\"https:\/\/www.radio94fm.net\/site\/wp-content\/uploads\/2020\/02\/FIQUE-POR-DENTRO-1.gif\"><img loading=\"lazy\" decoding=\"async\" class=\"size-full wp-image-32063 aligncenter\" src=\"https:\/\/www.radio94fm.net\/site\/wp-content\/uploads\/2020\/02\/FIQUE-POR-DENTRO-1.gif\" alt=\"\" width=\"604\" height=\"80\"><\/a><\/p>\n<p>&nbsp;<\/p>\n<p>&nbsp;<\/p>\n<p><a href=\"https:\/\/www.radio94fm.net\/site\/wp-content\/uploads\/2021\/01\/WhatsApp-Image-2021-01-06-at-10.59.55.jpeg\"><img loading=\"lazy\" decoding=\"async\" class=\"wp-image-32861 aligncenter\" src=\"https:\/\/www.radio94fm.net\/site\/wp-content\/uploads\/2021\/01\/WhatsApp-Image-2021-01-06-at-10.59.55.jpeg\" alt=\"\" width=\"432\" height=\"430\"><\/a><\/p>\n<p>&nbsp;<\/p>\n<p>&nbsp;<\/p>\n<p>No dia primeiro de Janeiro, os 17 vereadores tomaram posse em uma cerim\u00f4nia com presen\u00e7a restrita do p\u00fablico na C\u00e2mara municipal de Lavras, que ser\u00e1 presidida pelo vereador Alisson Matiolli tendo como vice a delegada Ana Paula Arruda.<\/p>\n<p>A reportagem da 94FM conversou com Alisson, que falou sobre a prioridade de seu mandato e a responsabilidade em presidir a casa legislativa de Lavras.<\/p>\n<p>&nbsp;<\/p>\n<p>&nbsp;<\/p>\n<audio class=\"wp-audio-shortcode\" id=\"audio-32860-1\" preload=\"none\" style=\"width: 100%;\" controls=\"controls\"><source type=\"audio\/mpeg\" src=\"https:\/\/www.radio94fm.net\/site\/wp-content\/uploads\/2021\/01\/FPD-VEREADOR-ALYSSON-MATIOLLI-04-01-21-Pedro.mp3?_=1\" \/><a href=\"https:\/\/www.radio94fm.net\/site\/wp-content\/uploads\/2021\/01\/FPD-VEREADOR-ALYSSON-MATIOLLI-04-01-21-Pedro.mp3\">https:\/\/www.radio94fm.net\/site\/wp-content\/uploads\/2021\/01\/FPD-VEREADOR-ALYSSON-MATIOLLI-04-01-21-Pedro.mp3<\/a><\/audio>\n<p>&nbsp;<\/p>\n<p>&nbsp;<\/p>\n<p><a href=\"https:\/\/www.radio94fm.net\/site\/wp-content\/uploads\/2020\/02\/FIQUE-POR-DENTRO-2-BANNER.gif\"><img loading=\"lazy\" decoding=\"async\" class=\"size-full wp-image-32065 aligncenter\" src=\"https:\/\/www.radio94fm.net\/site\/wp-content\/uploads\/2020\/02\/FIQUE-POR-DENTRO-2-BANNER.gif\" alt=\"\" width=\"604\" height=\"154\"><\/a><\/p>\n<p>&nbsp;<\/p>\n","protected":false},"excerpt":{"rendered":"<p>&nbsp; &nbsp; &nbsp; &nbsp; No dia primeiro de Janeiro, os 17 vereadores tomaram posse em uma cerim\u00f4nia com presen\u00e7a restrita do p\u00fablico na C\u00e2mara municipal de Lavras, que ser\u00e1 presidida pelo vereador Alisson Matiolli tendo como vice a delegada Ana Paula Arruda. A reportagem da 94FM conversou com Alisson, que falou sobre a prioridade de&#8230;<\/p>\n","protected":false},"author":1,"featured_media":32861,"comment_status":"open","ping_status":"closed","sticky":false,"template":"","format":"standard","meta":{"ngg_post_thumbnail":0,"footnotes":""},"categories":[54],"tags":[],"class_list":["post-32860","post","type-post","status-publish","format-standard","has-post-thumbnail","hentry","category-fique-por-dentro","have-post-thumb"],"_links":{"self":[{"href":"https:\/\/radio94fm.net\/site\/wp-json\/wp\/v2\/posts\/32860","targetHints":{"allow":["GET"]}}],"collection":[{"href":"https:\/\/radio94fm.net\/site\/wp-json\/wp\/v2\/posts"}],"about":[{"href":"https:\/\/radio94fm.net\/site\/wp-json\/wp\/v2\/types\/post"}],"author":[{"embeddable":true,"href":"https:\/\/radio94fm.net\/site\/wp-json\/wp\/v2\/users\/1"}],"replies":[{"embeddable":true,"href":"https:\/\/radio94fm.net\/site\/wp-json\/wp\/v2\/comments?post=32860"}],"version-history":[{"count":0,"href":"https:\/\/radio94fm.net\/site\/wp-json\/wp\/v2\/posts\/32860\/revisions"}],"wp:attachment":[{"href":"https:\/\/radio94fm.net\/site\/wp-json\/wp\/v2\/media?parent=32860"}],"wp:term":[{"taxonomy":"category","embeddable":true,"href":"https:\/\/radio94fm.net\/site\/wp-json\/wp\/v2\/categories?post=32860"},{"taxonomy":"post_tag","embeddable":true,"href":"https:\/\/radio94fm.net\/site\/wp-json\/wp\/v2\/tags?post=32860"}],"curies":[{"name":"wp","href":"https:\/\/api.w.org\/{rel}","templated":true}]}}