{"id":32780,"date":"2020-12-16T14:59:28","date_gmt":"2020-12-16T17:59:28","guid":{"rendered":"http:\/\/www.radio94fm.net\/site\/?p=32780"},"modified":"2020-12-16T14:59:28","modified_gmt":"2020-12-16T17:59:28","slug":"parque-francisco-de-assis-faz-balanco-sobre-o-ano-de-2020","status":"publish","type":"post","link":"https:\/\/radio94fm.net\/site\/parque-francisco-de-assis-faz-balanco-sobre-o-ano-de-2020\/","title":{"rendered":"Parque Francisco de Assis faz balan\u00e7o sobre o ano de 2020"},"content":{"rendered":"<p><img loading=\"lazy\" decoding=\"async\" class=\"aligncenter\" src=\"https:\/\/www.radio94fm.net\/site\/wp-content\/uploads\/2020\/02\/FIQUE-POR-DENTRO-1.gif\" width=\"664\" height=\"88\"><\/p>\n<p>&nbsp;<\/p>\n<p>&nbsp;<\/p>\n<p>&nbsp;<\/p>\n<p>&nbsp;<\/p>\n<p><a href=\"https:\/\/www.radio94fm.net\/site\/wp-content\/uploads\/2020\/12\/images-1-1.jpg\"><img loading=\"lazy\" decoding=\"async\" class=\" wp-image-32783 aligncenter\" src=\"https:\/\/www.radio94fm.net\/site\/wp-content\/uploads\/2020\/12\/images-1-1.jpg\" alt=\"\" width=\"310\" height=\"310\"><\/a><\/p>\n<p>&nbsp;<\/p>\n<p>O Parque Francisco de Assis \u00e9 uma institui\u00e7\u00e3o, com 11 anos em Lavras, que cuida de cerca de 400 c\u00e3es que foram abandonados,<\/p>\n<p>maltratados ou portam algum tipo de necessidade especial.<\/p>\n<p>&nbsp;<\/p>\n<p>&nbsp;<\/p>\n<audio class=\"wp-audio-shortcode\" id=\"audio-32780-1\" preload=\"none\" style=\"width: 100%;\" controls=\"controls\"><source type=\"audio\/mpeg\" src=\"https:\/\/www.radio94fm.net\/site\/wp-content\/uploads\/2020\/12\/FPD-PARQUE-FRANCISCO-16-12-20-Pedro.mp3?_=1\" \/><a href=\"https:\/\/www.radio94fm.net\/site\/wp-content\/uploads\/2020\/12\/FPD-PARQUE-FRANCISCO-16-12-20-Pedro.mp3\">https:\/\/www.radio94fm.net\/site\/wp-content\/uploads\/2020\/12\/FPD-PARQUE-FRANCISCO-16-12-20-Pedro.mp3<\/a><\/audio>\n<p>&nbsp;<\/p>\n<p>&nbsp;<\/p>\n<p>&nbsp;<\/p>\n<p>&nbsp;<\/p>\n<p><img decoding=\"async\" class=\"aligncenter\" src=\"https:\/\/www.radio94fm.net\/site\/wp-content\/uploads\/2020\/02\/FIQUE-POR-DENTRO-2-BANNER.gif\"><\/p>\n","protected":false},"excerpt":{"rendered":"<p>&nbsp; &nbsp; &nbsp; &nbsp; &nbsp; O Parque Francisco de Assis \u00e9 uma institui\u00e7\u00e3o, com 11 anos em Lavras, que cuida de cerca de 400 c\u00e3es que foram abandonados, maltratados ou portam algum tipo de necessidade especial. &nbsp; &nbsp; &nbsp; &nbsp; &nbsp; &nbsp;<\/p>\n","protected":false},"author":1,"featured_media":32783,"comment_status":"open","ping_status":"closed","sticky":false,"template":"","format":"standard","meta":{"ngg_post_thumbnail":0,"footnotes":""},"categories":[54],"tags":[],"class_list":["post-32780","post","type-post","status-publish","format-standard","has-post-thumbnail","hentry","category-fique-por-dentro","have-post-thumb"],"_links":{"self":[{"href":"https:\/\/radio94fm.net\/site\/wp-json\/wp\/v2\/posts\/32780","targetHints":{"allow":["GET"]}}],"collection":[{"href":"https:\/\/radio94fm.net\/site\/wp-json\/wp\/v2\/posts"}],"about":[{"href":"https:\/\/radio94fm.net\/site\/wp-json\/wp\/v2\/types\/post"}],"author":[{"embeddable":true,"href":"https:\/\/radio94fm.net\/site\/wp-json\/wp\/v2\/users\/1"}],"replies":[{"embeddable":true,"href":"https:\/\/radio94fm.net\/site\/wp-json\/wp\/v2\/comments?post=32780"}],"version-history":[{"count":0,"href":"https:\/\/radio94fm.net\/site\/wp-json\/wp\/v2\/posts\/32780\/revisions"}],"wp:attachment":[{"href":"https:\/\/radio94fm.net\/site\/wp-json\/wp\/v2\/media?parent=32780"}],"wp:term":[{"taxonomy":"category","embeddable":true,"href":"https:\/\/radio94fm.net\/site\/wp-json\/wp\/v2\/categories?post=32780"},{"taxonomy":"post_tag","embeddable":true,"href":"https:\/\/radio94fm.net\/site\/wp-json\/wp\/v2\/tags?post=32780"}],"curies":[{"name":"wp","href":"https:\/\/api.w.org\/{rel}","templated":true}]}}