{"id":32763,"date":"2020-12-16T14:35:22","date_gmt":"2020-12-16T17:35:22","guid":{"rendered":"http:\/\/www.radio94fm.net\/site\/?p=32763"},"modified":"2020-12-16T14:35:22","modified_gmt":"2020-12-16T17:35:22","slug":"lavras-tera-20-novas-cameras-e-central-de-videomonitoramento","status":"publish","type":"post","link":"https:\/\/radio94fm.net\/site\/lavras-tera-20-novas-cameras-e-central-de-videomonitoramento\/","title":{"rendered":"Lavras ter\u00e1 20 novas c\u00e2meras e central de videomonitoramento"},"content":{"rendered":"<p><img loading=\"lazy\" decoding=\"async\" class=\"aligncenter\" src=\"https:\/\/www.radio94fm.net\/site\/wp-content\/uploads\/2020\/02\/FIQUE-POR-DENTRO-1.gif\" width=\"664\" height=\"88\"><\/p>\n<p>&nbsp;<\/p>\n<p>&nbsp;<\/p>\n<p>&nbsp;<\/p>\n<p><a href=\"https:\/\/www.radio94fm.net\/site\/wp-content\/uploads\/2020\/12\/3731b1cc17671d0b08feb6c0b2929b3b.jpg\"><img loading=\"lazy\" decoding=\"async\" class=\"wp-image-32767 aligncenter\" src=\"https:\/\/www.radio94fm.net\/site\/wp-content\/uploads\/2020\/12\/3731b1cc17671d0b08feb6c0b2929b3b-300x176.jpg\" alt=\"\" width=\"440\" height=\"258\"><\/a><\/p>\n<p>&nbsp;<\/p>\n<p>&nbsp;<\/p>\n<p>Um projeto, elaborado no primeiro semestre deste ano atrav\u00e9s da Secretaria Municipal de Desenvolvimento Econ\u00f4mico,<\/p>\n<p>Ind\u00fastria, Com\u00e9rcio e Regula\u00e7\u00e3o Urbana, vai instalar um moderno sistema de videomonitoramento no munic\u00edpio.<\/p>\n<p>&nbsp;<\/p>\n<p>&nbsp;<\/p>\n<p>&nbsp;<\/p>\n<audio class=\"wp-audio-shortcode\" id=\"audio-32763-1\" preload=\"none\" style=\"width: 100%;\" controls=\"controls\"><source type=\"audio\/mpeg\" src=\"https:\/\/www.radio94fm.net\/site\/wp-content\/uploads\/2020\/12\/FPD-PREFEITO-14-12-20-Pedro.mp3?_=1\" \/><a href=\"https:\/\/www.radio94fm.net\/site\/wp-content\/uploads\/2020\/12\/FPD-PREFEITO-14-12-20-Pedro.mp3\">https:\/\/www.radio94fm.net\/site\/wp-content\/uploads\/2020\/12\/FPD-PREFEITO-14-12-20-Pedro.mp3<\/a><\/audio>\n<p>&nbsp;<\/p>\n<p>&nbsp;<\/p>\n<p>&nbsp;<\/p>\n<p>&nbsp;<\/p>\n<p><img decoding=\"async\" class=\"aligncenter\" src=\"https:\/\/www.radio94fm.net\/site\/wp-content\/uploads\/2020\/02\/FIQUE-POR-DENTRO-2-BANNER.gif\"><\/p>\n","protected":false},"excerpt":{"rendered":"<p>&nbsp; &nbsp; &nbsp; &nbsp; &nbsp; Um projeto, elaborado no primeiro semestre deste ano atrav\u00e9s da Secretaria Municipal de Desenvolvimento Econ\u00f4mico, Ind\u00fastria, Com\u00e9rcio e Regula\u00e7\u00e3o Urbana, vai instalar um moderno sistema de videomonitoramento no munic\u00edpio. &nbsp; &nbsp; &nbsp; &nbsp; &nbsp; &nbsp; &nbsp;<\/p>\n","protected":false},"author":1,"featured_media":32767,"comment_status":"open","ping_status":"closed","sticky":false,"template":"","format":"standard","meta":{"ngg_post_thumbnail":0,"footnotes":""},"categories":[54],"tags":[],"class_list":["post-32763","post","type-post","status-publish","format-standard","has-post-thumbnail","hentry","category-fique-por-dentro","have-post-thumb"],"_links":{"self":[{"href":"https:\/\/radio94fm.net\/site\/wp-json\/wp\/v2\/posts\/32763","targetHints":{"allow":["GET"]}}],"collection":[{"href":"https:\/\/radio94fm.net\/site\/wp-json\/wp\/v2\/posts"}],"about":[{"href":"https:\/\/radio94fm.net\/site\/wp-json\/wp\/v2\/types\/post"}],"author":[{"embeddable":true,"href":"https:\/\/radio94fm.net\/site\/wp-json\/wp\/v2\/users\/1"}],"replies":[{"embeddable":true,"href":"https:\/\/radio94fm.net\/site\/wp-json\/wp\/v2\/comments?post=32763"}],"version-history":[{"count":0,"href":"https:\/\/radio94fm.net\/site\/wp-json\/wp\/v2\/posts\/32763\/revisions"}],"wp:attachment":[{"href":"https:\/\/radio94fm.net\/site\/wp-json\/wp\/v2\/media?parent=32763"}],"wp:term":[{"taxonomy":"category","embeddable":true,"href":"https:\/\/radio94fm.net\/site\/wp-json\/wp\/v2\/categories?post=32763"},{"taxonomy":"post_tag","embeddable":true,"href":"https:\/\/radio94fm.net\/site\/wp-json\/wp\/v2\/tags?post=32763"}],"curies":[{"name":"wp","href":"https:\/\/api.w.org\/{rel}","templated":true}]}}