{"id":32746,"date":"2020-12-11T14:16:32","date_gmt":"2020-12-11T17:16:32","guid":{"rendered":"http:\/\/www.radio94fm.net\/site\/?p=32746"},"modified":"2020-12-11T14:16:32","modified_gmt":"2020-12-11T17:16:32","slug":"colegio-educa-abre-vagas-limitadas-para-bolsas-de-estudo-2020","status":"publish","type":"post","link":"https:\/\/radio94fm.net\/site\/colegio-educa-abre-vagas-limitadas-para-bolsas-de-estudo-2020\/","title":{"rendered":"COL\u00c9GIO EDUCA ABRE VAGAS LIMITADAS PARA BOLSAS DE ESTUDO 2021"},"content":{"rendered":"<p><img decoding=\"async\" class=\"aligncenter\" src=\"https:\/\/www.radio94fm.net\/site\/wp-content\/uploads\/2020\/02\/FIQUE-POR-DENTRO-1.gif\"><\/p>\n<p>&nbsp;<\/p>\n<p>&nbsp;<\/p>\n<p><a href=\"https:\/\/www.radio94fm.net\/site\/wp-content\/uploads\/2020\/12\/20200124005310274.jpg\"><img loading=\"lazy\" decoding=\"async\" class=\"size-medium wp-image-32747 aligncenter\" src=\"https:\/\/www.radio94fm.net\/site\/wp-content\/uploads\/2020\/12\/20200124005310274-300x300.jpg\" alt=\"\" width=\"300\" height=\"300\"><\/a>&nbsp;<\/p>\n<p>&nbsp;<\/p>\n<audio class=\"wp-audio-shortcode\" id=\"audio-32746-1\" preload=\"none\" style=\"width: 100%;\" controls=\"controls\"><source type=\"audio\/mpeg\" src=\"https:\/\/www.radio94fm.net\/site\/wp-content\/uploads\/2020\/12\/FPD-EDUCA-11-12-20-Priscila.mp3?_=1\" \/><a href=\"https:\/\/www.radio94fm.net\/site\/wp-content\/uploads\/2020\/12\/FPD-EDUCA-11-12-20-Priscila.mp3\">https:\/\/www.radio94fm.net\/site\/wp-content\/uploads\/2020\/12\/FPD-EDUCA-11-12-20-Priscila.mp3<\/a><\/audio>\n<p>&nbsp;<\/p>\n<p>&nbsp;<\/p>\n<p>In\u00fameras pesquisas e estudos mostram a preocupa\u00e7\u00e3o<\/p>\n<p>de pais e educadores sobre a influ\u00eancia da pandemia na emo\u00e7\u00e3o das crian\u00e7as e jovens.<\/p>\n<p>&nbsp;<\/p>\n<p>Em Lavras, O Col\u00e9gio Educa tem um programa educacional que objetiva<\/p>\n<p>desenvolver a&nbsp; educa\u00e7\u00e3o Socioemocional, com fundamento na Teoria da<\/p>\n<p>Intelig\u00eancia Multifocal, considerando o preparo emocional&nbsp;<\/p>\n<p>t\u00e3o importante quanto os protocolos sanit\u00e1rios na retomada<\/p>\n<p>\u00e0s aulas p\u00f3s-pandemia.<\/p>\n<p>&nbsp;<\/p>\n<p>&nbsp;<\/p>\n<p>&nbsp;<\/p>\n<p><img decoding=\"async\" class=\"aligncenter\" src=\"https:\/\/www.radio94fm.net\/site\/wp-content\/uploads\/2020\/02\/FIQUE-POR-DENTRO-2-BANNER.gif\"><\/p>\n","protected":false},"excerpt":{"rendered":"<p>&nbsp; &nbsp; &nbsp; &nbsp; &nbsp; &nbsp; In\u00fameras pesquisas e estudos mostram a preocupa\u00e7\u00e3o de pais e educadores sobre a influ\u00eancia da pandemia na emo\u00e7\u00e3o das crian\u00e7as e jovens. &nbsp; Em Lavras, O Col\u00e9gio Educa tem um programa educacional que objetiva desenvolver a&nbsp; educa\u00e7\u00e3o Socioemocional, com fundamento na Teoria da Intelig\u00eancia Multifocal, considerando o preparo emocional&nbsp;&#8230;<\/p>\n","protected":false},"author":1,"featured_media":32747,"comment_status":"open","ping_status":"closed","sticky":false,"template":"","format":"standard","meta":{"ngg_post_thumbnail":0,"footnotes":""},"categories":[54],"tags":[],"class_list":["post-32746","post","type-post","status-publish","format-standard","has-post-thumbnail","hentry","category-fique-por-dentro","have-post-thumb"],"_links":{"self":[{"href":"https:\/\/radio94fm.net\/site\/wp-json\/wp\/v2\/posts\/32746","targetHints":{"allow":["GET"]}}],"collection":[{"href":"https:\/\/radio94fm.net\/site\/wp-json\/wp\/v2\/posts"}],"about":[{"href":"https:\/\/radio94fm.net\/site\/wp-json\/wp\/v2\/types\/post"}],"author":[{"embeddable":true,"href":"https:\/\/radio94fm.net\/site\/wp-json\/wp\/v2\/users\/1"}],"replies":[{"embeddable":true,"href":"https:\/\/radio94fm.net\/site\/wp-json\/wp\/v2\/comments?post=32746"}],"version-history":[{"count":0,"href":"https:\/\/radio94fm.net\/site\/wp-json\/wp\/v2\/posts\/32746\/revisions"}],"wp:attachment":[{"href":"https:\/\/radio94fm.net\/site\/wp-json\/wp\/v2\/media?parent=32746"}],"wp:term":[{"taxonomy":"category","embeddable":true,"href":"https:\/\/radio94fm.net\/site\/wp-json\/wp\/v2\/categories?post=32746"},{"taxonomy":"post_tag","embeddable":true,"href":"https:\/\/radio94fm.net\/site\/wp-json\/wp\/v2\/tags?post=32746"}],"curies":[{"name":"wp","href":"https:\/\/api.w.org\/{rel}","templated":true}]}}