{"id":32714,"date":"2020-12-09T14:05:35","date_gmt":"2020-12-09T17:05:35","guid":{"rendered":"http:\/\/www.radio94fm.net\/site\/?p=32714"},"modified":"2020-12-09T14:05:35","modified_gmt":"2020-12-09T17:05:35","slug":"massoterapia-pode-aliviar-tensao","status":"publish","type":"post","link":"https:\/\/radio94fm.net\/site\/massoterapia-pode-aliviar-tensao\/","title":{"rendered":"MASSOTERAPIA PODE ALIVIAR TENS\u00c3O"},"content":{"rendered":"<p><img decoding=\"async\" class=\"aligncenter\" src=\"https:\/\/www.radio94fm.net\/site\/wp-content\/uploads\/2020\/02\/FIQUE-POR-DENTRO-1.gif\"><\/p>\n<p>&nbsp;<\/p>\n<p>&nbsp;<br \/>\n<a href=\"https:\/\/www.radio94fm.net\/site\/wp-content\/uploads\/2020\/12\/images-1.jpg\"><img loading=\"lazy\" decoding=\"async\" class=\"size-medium wp-image-32717 aligncenter\" src=\"https:\/\/www.radio94fm.net\/site\/wp-content\/uploads\/2020\/12\/images-1.jpg\" alt=\"\" width=\"293\" height=\"172\"><\/a><\/p>\n<p>&nbsp;<\/p>\n<p>&nbsp;<\/p>\n<p>&nbsp;Um estudo publicado intitulado &#8220;Panorama covid-19 mostra que 81% dos&nbsp;<a href=\"https:\/\/www.radio94fm.net\/site\/wp-content\/uploads\/2020\/12\/Screenshot_20201206-103720_1-945x420.jpg\"><br \/>\n<\/a><\/p>\n<p>brasileiros est\u00e3o atentos ao bem- estar, o que reflete no crescimento do setor de&nbsp;<\/p>\n<p>est\u00e9tica e cuidados terap\u00eauticos.&nbsp;<\/p>\n<p>Assim a reportagem da R\u00e1dio 94FM conversou com a massoterapeuta Adriana Reis sobre esse reconhecimento p\u00fablico.<\/p>\n<p>&nbsp;<\/p>\n<audio class=\"wp-audio-shortcode\" id=\"audio-32714-1\" preload=\"none\" style=\"width: 100%;\" controls=\"controls\"><source type=\"audio\/mpeg\" src=\"https:\/\/www.radio94fm.net\/site\/wp-content\/uploads\/2020\/12\/FPD-MASSOTERAPIA-09-12-20-Priscila-1.mp3?_=1\" \/><a href=\"https:\/\/www.radio94fm.net\/site\/wp-content\/uploads\/2020\/12\/FPD-MASSOTERAPIA-09-12-20-Priscila-1.mp3\">https:\/\/www.radio94fm.net\/site\/wp-content\/uploads\/2020\/12\/FPD-MASSOTERAPIA-09-12-20-Priscila-1.mp3<\/a><\/audio>\n<p>&nbsp;<\/p>\n<p>&nbsp;<\/p>\n<p>&nbsp;<\/p>\n<p><img decoding=\"async\" class=\"aligncenter\" src=\"https:\/\/www.radio94fm.net\/site\/wp-content\/uploads\/2020\/02\/FIQUE-POR-DENTRO-2-BANNER.gif\"><\/p>\n<p>&nbsp;<\/p>\n","protected":false},"excerpt":{"rendered":"<p>&nbsp; &nbsp; &nbsp; &nbsp; &nbsp;Um estudo publicado intitulado &#8220;Panorama covid-19 mostra que 81% dos&nbsp; brasileiros est\u00e3o atentos ao bem- estar, o que reflete no crescimento do setor de&nbsp; est\u00e9tica e cuidados terap\u00eauticos.&nbsp; Assim a reportagem da R\u00e1dio 94FM conversou com a massoterapeuta Adriana Reis sobre esse reconhecimento p\u00fablico. &nbsp; &nbsp; &nbsp; &nbsp; &nbsp;<\/p>\n","protected":false},"author":1,"featured_media":32718,"comment_status":"open","ping_status":"closed","sticky":false,"template":"","format":"standard","meta":{"ngg_post_thumbnail":0,"footnotes":""},"categories":[54],"tags":[],"class_list":["post-32714","post","type-post","status-publish","format-standard","has-post-thumbnail","hentry","category-fique-por-dentro","have-post-thumb"],"_links":{"self":[{"href":"https:\/\/radio94fm.net\/site\/wp-json\/wp\/v2\/posts\/32714","targetHints":{"allow":["GET"]}}],"collection":[{"href":"https:\/\/radio94fm.net\/site\/wp-json\/wp\/v2\/posts"}],"about":[{"href":"https:\/\/radio94fm.net\/site\/wp-json\/wp\/v2\/types\/post"}],"author":[{"embeddable":true,"href":"https:\/\/radio94fm.net\/site\/wp-json\/wp\/v2\/users\/1"}],"replies":[{"embeddable":true,"href":"https:\/\/radio94fm.net\/site\/wp-json\/wp\/v2\/comments?post=32714"}],"version-history":[{"count":0,"href":"https:\/\/radio94fm.net\/site\/wp-json\/wp\/v2\/posts\/32714\/revisions"}],"wp:attachment":[{"href":"https:\/\/radio94fm.net\/site\/wp-json\/wp\/v2\/media?parent=32714"}],"wp:term":[{"taxonomy":"category","embeddable":true,"href":"https:\/\/radio94fm.net\/site\/wp-json\/wp\/v2\/categories?post=32714"},{"taxonomy":"post_tag","embeddable":true,"href":"https:\/\/radio94fm.net\/site\/wp-json\/wp\/v2\/tags?post=32714"}],"curies":[{"name":"wp","href":"https:\/\/api.w.org\/{rel}","templated":true}]}}