{"id":32709,"date":"2020-12-08T13:54:51","date_gmt":"2020-12-08T16:54:51","guid":{"rendered":"http:\/\/www.radio94fm.net\/site\/?p=32709"},"modified":"2020-12-08T13:54:51","modified_gmt":"2020-12-08T16:54:51","slug":"lobo-guara-foi-flagrado-no-perimetro-urbano-de-lavras","status":"publish","type":"post","link":"https:\/\/radio94fm.net\/site\/lobo-guara-foi-flagrado-no-perimetro-urbano-de-lavras\/","title":{"rendered":"Lobo-guar\u00e1 foi flagrado no per\u00edmetro urbano de Lavras"},"content":{"rendered":"<p>&nbsp;<\/p>\n<p><img decoding=\"async\" class=\"aligncenter\" src=\"https:\/\/www.radio94fm.net\/site\/wp-content\/uploads\/2020\/02\/FIQUE-POR-DENTRO-1.gif\"><\/p>\n<p>&nbsp;<\/p>\n<p>&nbsp;<\/p>\n<p>&nbsp;<a href=\"https:\/\/www.radio94fm.net\/site\/wp-content\/uploads\/2020\/12\/Screenshot_20201206-103720_1-945x420.jpg\"><img loading=\"lazy\" decoding=\"async\" class=\"wp-image-32712 aligncenter\" src=\"https:\/\/www.radio94fm.net\/site\/wp-content\/uploads\/2020\/12\/Screenshot_20201206-103720_1-945x420-300x133.jpg\" alt=\"\" width=\"447\" height=\"198\"><\/a><\/p>\n<p>&nbsp;<\/p>\n<p>&nbsp;<\/p>\n<audio class=\"wp-audio-shortcode\" id=\"audio-32709-1\" preload=\"none\" style=\"width: 100%;\" controls=\"controls\"><source type=\"audio\/mpeg\" src=\"https:\/\/www.radio94fm.net\/site\/wp-content\/uploads\/2020\/12\/FPD-LOBO-GUARA-08-12-20-Pedro.mp3?_=1\" \/><a href=\"https:\/\/www.radio94fm.net\/site\/wp-content\/uploads\/2020\/12\/FPD-LOBO-GUARA-08-12-20-Pedro.mp3\">https:\/\/www.radio94fm.net\/site\/wp-content\/uploads\/2020\/12\/FPD-LOBO-GUARA-08-12-20-Pedro.mp3<\/a><\/audio>\n<p>&nbsp;<\/p>\n<p>&nbsp;<\/p>\n<p>&nbsp;<\/p>\n<p>Na madrugada do \u00faltimo domingo, dia 6, um lobo-guar\u00e1 foi visto circulando pelo per\u00edmetro urbano de Lavras. O M\u00e9dico Veterin\u00e1rio, Galeno Antunes Garcia, explicou os motivos para o exemplar do animal ter sido encontrado fora do seu habitat natural.<\/p>\n<p>&nbsp;<\/p>\n<p>&nbsp;<\/p>\n<p>&nbsp;<\/p>\n<p><img decoding=\"async\" class=\"aligncenter\" src=\"https:\/\/www.radio94fm.net\/site\/wp-content\/uploads\/2020\/02\/FIQUE-POR-DENTRO-2-BANNER.gif\"><\/p>\n","protected":false},"excerpt":{"rendered":"<p>&nbsp; &nbsp; &nbsp; &nbsp; &nbsp; &nbsp; &nbsp; &nbsp; &nbsp; Na madrugada do \u00faltimo domingo, dia 6, um lobo-guar\u00e1 foi visto circulando pelo per\u00edmetro urbano de Lavras. O M\u00e9dico Veterin\u00e1rio, Galeno Antunes Garcia, explicou os motivos para o exemplar do animal ter sido encontrado fora do seu habitat natural. &nbsp; &nbsp; &nbsp;<\/p>\n","protected":false},"author":1,"featured_media":32711,"comment_status":"open","ping_status":"closed","sticky":false,"template":"","format":"standard","meta":{"ngg_post_thumbnail":0,"footnotes":""},"categories":[54],"tags":[],"class_list":["post-32709","post","type-post","status-publish","format-standard","has-post-thumbnail","hentry","category-fique-por-dentro","have-post-thumb"],"_links":{"self":[{"href":"https:\/\/radio94fm.net\/site\/wp-json\/wp\/v2\/posts\/32709","targetHints":{"allow":["GET"]}}],"collection":[{"href":"https:\/\/radio94fm.net\/site\/wp-json\/wp\/v2\/posts"}],"about":[{"href":"https:\/\/radio94fm.net\/site\/wp-json\/wp\/v2\/types\/post"}],"author":[{"embeddable":true,"href":"https:\/\/radio94fm.net\/site\/wp-json\/wp\/v2\/users\/1"}],"replies":[{"embeddable":true,"href":"https:\/\/radio94fm.net\/site\/wp-json\/wp\/v2\/comments?post=32709"}],"version-history":[{"count":0,"href":"https:\/\/radio94fm.net\/site\/wp-json\/wp\/v2\/posts\/32709\/revisions"}],"wp:attachment":[{"href":"https:\/\/radio94fm.net\/site\/wp-json\/wp\/v2\/media?parent=32709"}],"wp:term":[{"taxonomy":"category","embeddable":true,"href":"https:\/\/radio94fm.net\/site\/wp-json\/wp\/v2\/categories?post=32709"},{"taxonomy":"post_tag","embeddable":true,"href":"https:\/\/radio94fm.net\/site\/wp-json\/wp\/v2\/tags?post=32709"}],"curies":[{"name":"wp","href":"https:\/\/api.w.org\/{rel}","templated":true}]}}