{"id":32702,"date":"2020-12-09T13:45:32","date_gmt":"2020-12-09T16:45:32","guid":{"rendered":"http:\/\/www.radio94fm.net\/site\/?p=32702"},"modified":"2020-12-09T13:45:32","modified_gmt":"2020-12-09T16:45:32","slug":"feira-do-livro-espirita-ja-comecou-e-neste-ano-e-virtual","status":"publish","type":"post","link":"https:\/\/radio94fm.net\/site\/feira-do-livro-espirita-ja-comecou-e-neste-ano-e-virtual\/","title":{"rendered":"Feira do Livro Espirita j\u00e1 come\u00e7ou e neste ano \u00e9 virtual."},"content":{"rendered":"<p><img decoding=\"async\" class=\"aligncenter\" src=\"https:\/\/www.radio94fm.net\/site\/wp-content\/uploads\/2020\/02\/FIQUE-POR-DENTRO-1.gif\"><\/p>\n<p>&nbsp;<\/p>\n<p>&nbsp;<\/p>\n<p>&nbsp;<\/p>\n<p><a href=\"https:\/\/www.radio94fm.net\/site\/wp-content\/uploads\/2020\/12\/images.jpg\"><img loading=\"lazy\" decoding=\"async\" class=\"wp-image-32704 aligncenter\" src=\"https:\/\/www.radio94fm.net\/site\/wp-content\/uploads\/2020\/12\/images-300x113.jpg\" alt=\"\" width=\"505\" height=\"190\"><\/a><\/p>\n<p>&nbsp;<\/p>\n<p>&nbsp;<\/p>\n<audio class=\"wp-audio-shortcode\" id=\"audio-32702-1\" preload=\"none\" style=\"width: 100%;\" controls=\"controls\"><source type=\"audio\/mpeg\" src=\"https:\/\/www.radio94fm.net\/site\/wp-content\/uploads\/2020\/12\/FPD-FEIRA-ESPIRITA-09-12-20-Pedro.mp3?_=1\" \/><a href=\"https:\/\/www.radio94fm.net\/site\/wp-content\/uploads\/2020\/12\/FPD-FEIRA-ESPIRITA-09-12-20-Pedro.mp3\">https:\/\/www.radio94fm.net\/site\/wp-content\/uploads\/2020\/12\/FPD-FEIRA-ESPIRITA-09-12-20-Pedro.mp3<\/a><\/audio>\n<p>&nbsp;<\/p>\n<p>&nbsp;<\/p>\n<p>Desde o \u00faltimo s\u00e1bado, dia 5, j\u00e1 est\u00e1 funcionando a 37\u00aa edi\u00e7\u00e3o da Feira do Livro Esp\u00edrita de Lavras. Neste ano, por conta da pandemia do coronav\u00edrus, a feira da Alian\u00e7a Municipal Esp\u00edrita de Lavras est\u00e1 100% online, funcionando 24 horas na internet.<\/p>\n<p>&nbsp;<\/p>\n<p>&nbsp;<\/p>\n<p>&nbsp;<\/p>\n<p><img decoding=\"async\" class=\"aligncenter\" src=\"https:\/\/www.radio94fm.net\/site\/wp-content\/uploads\/2020\/02\/FIQUE-POR-DENTRO-2-BANNER.gif\"><\/p>\n<p>&nbsp;<\/p>\n","protected":false},"excerpt":{"rendered":"<p>&nbsp; &nbsp; &nbsp; &nbsp; &nbsp; &nbsp; &nbsp; Desde o \u00faltimo s\u00e1bado, dia 5, j\u00e1 est\u00e1 funcionando a 37\u00aa edi\u00e7\u00e3o da Feira do Livro Esp\u00edrita de Lavras. Neste ano, por conta da pandemia do coronav\u00edrus, a feira da Alian\u00e7a Municipal Esp\u00edrita de Lavras est\u00e1 100% online, funcionando 24 horas na internet. &nbsp; &nbsp; &nbsp; &nbsp;<\/p>\n","protected":false},"author":1,"featured_media":32706,"comment_status":"open","ping_status":"closed","sticky":false,"template":"","format":"standard","meta":{"ngg_post_thumbnail":0,"footnotes":""},"categories":[54],"tags":[],"class_list":["post-32702","post","type-post","status-publish","format-standard","has-post-thumbnail","hentry","category-fique-por-dentro","have-post-thumb"],"_links":{"self":[{"href":"https:\/\/radio94fm.net\/site\/wp-json\/wp\/v2\/posts\/32702","targetHints":{"allow":["GET"]}}],"collection":[{"href":"https:\/\/radio94fm.net\/site\/wp-json\/wp\/v2\/posts"}],"about":[{"href":"https:\/\/radio94fm.net\/site\/wp-json\/wp\/v2\/types\/post"}],"author":[{"embeddable":true,"href":"https:\/\/radio94fm.net\/site\/wp-json\/wp\/v2\/users\/1"}],"replies":[{"embeddable":true,"href":"https:\/\/radio94fm.net\/site\/wp-json\/wp\/v2\/comments?post=32702"}],"version-history":[{"count":0,"href":"https:\/\/radio94fm.net\/site\/wp-json\/wp\/v2\/posts\/32702\/revisions"}],"wp:attachment":[{"href":"https:\/\/radio94fm.net\/site\/wp-json\/wp\/v2\/media?parent=32702"}],"wp:term":[{"taxonomy":"category","embeddable":true,"href":"https:\/\/radio94fm.net\/site\/wp-json\/wp\/v2\/categories?post=32702"},{"taxonomy":"post_tag","embeddable":true,"href":"https:\/\/radio94fm.net\/site\/wp-json\/wp\/v2\/tags?post=32702"}],"curies":[{"name":"wp","href":"https:\/\/api.w.org\/{rel}","templated":true}]}}