{"id":32695,"date":"2020-12-10T13:20:04","date_gmt":"2020-12-10T16:20:04","guid":{"rendered":"http:\/\/www.radio94fm.net\/site\/?p=32695"},"modified":"2020-12-10T13:20:04","modified_gmt":"2020-12-10T16:20:04","slug":"empregha-lavras-abre-vagas-e-treinamentos-em-meio-a-pandemia","status":"publish","type":"post","link":"https:\/\/radio94fm.net\/site\/empregha-lavras-abre-vagas-e-treinamentos-em-meio-a-pandemia\/","title":{"rendered":"Empregha Lavras abre vagas e treinamentos em meio a Pandemia"},"content":{"rendered":"<p><img decoding=\"async\" class=\"aligncenter\" src=\"https:\/\/www.radio94fm.net\/site\/wp-content\/uploads\/2020\/02\/FIQUE-POR-DENTRO-1.gif\"><\/p>\n<p>&nbsp;<\/p>\n<p>&nbsp;<\/p>\n<p><img loading=\"lazy\" decoding=\"async\" class=\"wp-image-32740 aligncenter\" src=\"https:\/\/www.radio94fm.net\/site\/wp-content\/uploads\/2020\/12\/CAPA-FACEBOOK-EMPREGHA-1-300x114.png\" alt=\"\" width=\"533\" height=\"203\"><\/p>\n<p>&nbsp;<\/p>\n<p><span style=\"font-size: 12pt;\">Desde o surgimento do primeiro cado de coronav\u00edrus, muita coisa&nbsp;mudou, Na economia, o v\u00edrus afetou empregos, causou redu\u00e7\u00e3o de sal\u00e1rios, atacou produ\u00e7\u00e3o industrial, o com\u00e9rcio e os servi\u00e7os.&nbsp;<\/span><\/p>\n<p><span style=\"font-size: 12pt;\">A pandemia vem obrigando empresas e trabalhadores a repensarem maneira de responder \u00e0s novas necessidades com objetividade.&nbsp;<\/span><\/p>\n<p>&nbsp;<\/p>\n<p>&nbsp;<\/p>\n<audio class=\"wp-audio-shortcode\" id=\"audio-32695-1\" preload=\"none\" style=\"width: 100%;\" controls=\"controls\"><source type=\"audio\/mpeg\" src=\"https:\/\/www.radio94fm.net\/site\/wp-content\/uploads\/2020\/12\/FPD-EMPREGHA-10-12-20-Priscila.mp3?_=1\" \/><a href=\"https:\/\/www.radio94fm.net\/site\/wp-content\/uploads\/2020\/12\/FPD-EMPREGHA-10-12-20-Priscila.mp3\">https:\/\/www.radio94fm.net\/site\/wp-content\/uploads\/2020\/12\/FPD-EMPREGHA-10-12-20-Priscila.mp3<\/a><\/audio>\n<p>&nbsp;<\/p>\n<p>&nbsp;<\/p>\n<p>&nbsp;<\/p>\n<p>&nbsp;<\/p>\n<p>&nbsp;<\/p>\n<p><img decoding=\"async\" class=\"aligncenter\" src=\"https:\/\/www.radio94fm.net\/site\/wp-content\/uploads\/2020\/02\/FIQUE-POR-DENTRO-2-BANNER.gif\"><\/p>\n","protected":false},"excerpt":{"rendered":"<p>&nbsp; &nbsp; &nbsp; Desde o surgimento do primeiro cado de coronav\u00edrus, muita coisa&nbsp;mudou, Na economia, o v\u00edrus afetou empregos, causou redu\u00e7\u00e3o de sal\u00e1rios, atacou produ\u00e7\u00e3o industrial, o com\u00e9rcio e os servi\u00e7os.&nbsp; A pandemia vem obrigando empresas e trabalhadores a repensarem maneira de responder \u00e0s novas necessidades com objetividade.&nbsp; &nbsp; &nbsp; &nbsp; &nbsp; &nbsp; &nbsp; &nbsp;<\/p>\n","protected":false},"author":1,"featured_media":32740,"comment_status":"open","ping_status":"closed","sticky":false,"template":"","format":"standard","meta":{"ngg_post_thumbnail":0,"footnotes":""},"categories":[54],"tags":[],"class_list":["post-32695","post","type-post","status-publish","format-standard","has-post-thumbnail","hentry","category-fique-por-dentro","have-post-thumb"],"_links":{"self":[{"href":"https:\/\/radio94fm.net\/site\/wp-json\/wp\/v2\/posts\/32695","targetHints":{"allow":["GET"]}}],"collection":[{"href":"https:\/\/radio94fm.net\/site\/wp-json\/wp\/v2\/posts"}],"about":[{"href":"https:\/\/radio94fm.net\/site\/wp-json\/wp\/v2\/types\/post"}],"author":[{"embeddable":true,"href":"https:\/\/radio94fm.net\/site\/wp-json\/wp\/v2\/users\/1"}],"replies":[{"embeddable":true,"href":"https:\/\/radio94fm.net\/site\/wp-json\/wp\/v2\/comments?post=32695"}],"version-history":[{"count":0,"href":"https:\/\/radio94fm.net\/site\/wp-json\/wp\/v2\/posts\/32695\/revisions"}],"wp:attachment":[{"href":"https:\/\/radio94fm.net\/site\/wp-json\/wp\/v2\/media?parent=32695"}],"wp:term":[{"taxonomy":"category","embeddable":true,"href":"https:\/\/radio94fm.net\/site\/wp-json\/wp\/v2\/categories?post=32695"},{"taxonomy":"post_tag","embeddable":true,"href":"https:\/\/radio94fm.net\/site\/wp-json\/wp\/v2\/tags?post=32695"}],"curies":[{"name":"wp","href":"https:\/\/api.w.org\/{rel}","templated":true}]}}