{"id":32685,"date":"2020-12-10T13:09:21","date_gmt":"2020-12-10T16:09:21","guid":{"rendered":"http:\/\/www.radio94fm.net\/site\/?p=32685"},"modified":"2020-12-10T13:09:21","modified_gmt":"2020-12-10T16:09:21","slug":"ordem-demolay-drive-thru-solidario","status":"publish","type":"post","link":"https:\/\/radio94fm.net\/site\/ordem-demolay-drive-thru-solidario\/","title":{"rendered":"Ordem DeMolay promove Drive-thru Solid\u00e1rio"},"content":{"rendered":"<p><img decoding=\"async\" class=\"aligncenter\" src=\"https:\/\/www.radio94fm.net\/site\/wp-content\/uploads\/2020\/02\/FIQUE-POR-DENTRO-1.gif\"><\/p>\n<p>&nbsp;<\/p>\n<p><a href=\"https:\/\/www.radio94fm.net\/site\/wp-content\/uploads\/2020\/12\/b35d8d57-4222-4ebd-9e66-7695d24f3fc4-330x330.jpg\"><img loading=\"lazy\" decoding=\"async\" class=\"size-medium wp-image-32688 aligncenter\" src=\"https:\/\/www.radio94fm.net\/site\/wp-content\/uploads\/2020\/12\/b35d8d57-4222-4ebd-9e66-7695d24f3fc4-330x330-300x300.jpg\" alt=\"\" width=\"300\" height=\"300\"><\/a><\/p>\n<p>&nbsp;<\/p>\n<p>&nbsp;<\/p>\n<audio class=\"wp-audio-shortcode\" id=\"audio-32685-1\" preload=\"none\" style=\"width: 100%;\" controls=\"controls\"><source type=\"audio\/mpeg\" src=\"https:\/\/www.radio94fm.net\/site\/wp-content\/uploads\/2020\/12\/FPD-DEMOLEY-10-12-20-Pedro.mp3?_=1\" \/><a href=\"https:\/\/www.radio94fm.net\/site\/wp-content\/uploads\/2020\/12\/FPD-DEMOLEY-10-12-20-Pedro.mp3\">https:\/\/www.radio94fm.net\/site\/wp-content\/uploads\/2020\/12\/FPD-DEMOLEY-10-12-20-Pedro.mp3<\/a><\/audio>\n<p>&nbsp;<\/p>\n<p>&nbsp;<\/p>\n<p><span style=\"font-family: verdana, geneva, sans-serif; font-size: 12pt;\">No pr\u00f3ximo s\u00e1bado, dia 12, a Ordem DeMolay de Lavras estar\u00e1 promovendo o seu primeiro &#8220;Drive-thru Solid\u00e1rio&#8221;,&nbsp;com o objetivo de arrecadar brinquedos, roupas e alimentos n\u00e3o perec\u00edveis, para a montagem de cestas b\u00e1sica para doa\u00e7\u00e3o.<\/span><\/p>\n<p><span style=\"font-size: 12pt; font-family: verdana, geneva, sans-serif;\">A a\u00e7\u00e3o faz parte da tradicional campanha de natal beneficente da ordem.<\/span><\/p>\n<p>&nbsp;<\/p>\n<p>&nbsp;<\/p>\n<p><img decoding=\"async\" class=\"aligncenter\" src=\"https:\/\/www.radio94fm.net\/site\/wp-content\/uploads\/2020\/02\/FIQUE-POR-DENTRO-2-BANNER.gif\"><\/p>\n","protected":false},"excerpt":{"rendered":"<p>&nbsp; &nbsp; &nbsp; &nbsp; &nbsp; No pr\u00f3ximo s\u00e1bado, dia 12, a Ordem DeMolay de Lavras estar\u00e1 promovendo o seu primeiro &#8220;Drive-thru Solid\u00e1rio&#8221;,&nbsp;com o objetivo de arrecadar brinquedos, roupas e alimentos n\u00e3o perec\u00edveis, para a montagem de cestas b\u00e1sica para doa\u00e7\u00e3o. A a\u00e7\u00e3o faz parte da tradicional campanha de natal beneficente da ordem. &nbsp; &nbsp;<\/p>\n","protected":false},"author":1,"featured_media":32688,"comment_status":"open","ping_status":"closed","sticky":false,"template":"","format":"standard","meta":{"ngg_post_thumbnail":0,"footnotes":""},"categories":[54],"tags":[],"class_list":["post-32685","post","type-post","status-publish","format-standard","has-post-thumbnail","hentry","category-fique-por-dentro","have-post-thumb"],"_links":{"self":[{"href":"https:\/\/radio94fm.net\/site\/wp-json\/wp\/v2\/posts\/32685","targetHints":{"allow":["GET"]}}],"collection":[{"href":"https:\/\/radio94fm.net\/site\/wp-json\/wp\/v2\/posts"}],"about":[{"href":"https:\/\/radio94fm.net\/site\/wp-json\/wp\/v2\/types\/post"}],"author":[{"embeddable":true,"href":"https:\/\/radio94fm.net\/site\/wp-json\/wp\/v2\/users\/1"}],"replies":[{"embeddable":true,"href":"https:\/\/radio94fm.net\/site\/wp-json\/wp\/v2\/comments?post=32685"}],"version-history":[{"count":0,"href":"https:\/\/radio94fm.net\/site\/wp-json\/wp\/v2\/posts\/32685\/revisions"}],"wp:attachment":[{"href":"https:\/\/radio94fm.net\/site\/wp-json\/wp\/v2\/media?parent=32685"}],"wp:term":[{"taxonomy":"category","embeddable":true,"href":"https:\/\/radio94fm.net\/site\/wp-json\/wp\/v2\/categories?post=32685"},{"taxonomy":"post_tag","embeddable":true,"href":"https:\/\/radio94fm.net\/site\/wp-json\/wp\/v2\/tags?post=32685"}],"curies":[{"name":"wp","href":"https:\/\/api.w.org\/{rel}","templated":true}]}}