{"id":32670,"date":"2020-12-14T13:41:20","date_gmt":"2020-12-14T16:41:20","guid":{"rendered":"http:\/\/www.radio94fm.net\/site\/?p=32670"},"modified":"2020-12-14T13:41:20","modified_gmt":"2020-12-14T16:41:20","slug":"padre-fala-sobre-o-simbolismo-que-existe-nos-presentes-de-natal","status":"publish","type":"post","link":"https:\/\/radio94fm.net\/site\/padre-fala-sobre-o-simbolismo-que-existe-nos-presentes-de-natal\/","title":{"rendered":"Padre fala sobre o simbolismo que existe nos presentes de Natal"},"content":{"rendered":"<p><img decoding=\"async\" class=\"aligncenter\" src=\"https:\/\/www.radio94fm.net\/site\/wp-content\/uploads\/2020\/02\/FIQUE-POR-DENTRO-1.gif\"><\/p>\n<p>&nbsp;<\/p>\n<p><span style=\"font-size: 14pt;\">&nbsp;<a href=\"https:\/\/www.radio94fm.net\/site\/wp-content\/uploads\/2020\/12\/shutterstock_507420097-770x478.jpg\"><img loading=\"lazy\" decoding=\"async\" class=\" wp-image-32680 aligncenter\" src=\"https:\/\/www.radio94fm.net\/site\/wp-content\/uploads\/2020\/12\/shutterstock_507420097-770x478-300x186.jpg\" alt=\"\" width=\"535\" height=\"332\"><\/a><\/span><\/p>\n<p>&nbsp;<\/p>\n<p>&nbsp;<\/p>\n<p><span style=\"font-size: 12pt;\">Estamos h\u00e1 menos de 3 semanas do Natal. <\/span><\/p>\n<p><span style=\"font-size: 12pt;\">Nos pa\u00edses em que a maior parte da popula\u00e7\u00e3o \u00e9 crist\u00e3, as fam\u00edlias se re\u00fanem na noite do dia 24 para ceiar e trocar presentes. <\/span><\/p>\n<p><span style=\"font-size: 12pt;\">Todos deixam de lado as desaven\u00e7as e comemoram juntos o nascimento do filho de Deus.<\/span><\/p>\n<p>&nbsp;<\/p>\n<audio class=\"wp-audio-shortcode\" id=\"audio-32670-1\" preload=\"none\" style=\"width: 100%;\" controls=\"controls\"><source type=\"audio\/mpeg\" src=\"https:\/\/www.radio94fm.net\/site\/wp-content\/uploads\/2020\/12\/WhatsApp-Audio-2020-12-08-at-08.58.40-2.mp3?_=1\" \/><a href=\"https:\/\/www.radio94fm.net\/site\/wp-content\/uploads\/2020\/12\/WhatsApp-Audio-2020-12-08-at-08.58.40-2.mp3\">https:\/\/www.radio94fm.net\/site\/wp-content\/uploads\/2020\/12\/WhatsApp-Audio-2020-12-08-at-08.58.40-2.mp3<\/a><\/audio>\n<p>&nbsp;<\/p>\n<p>&nbsp;<\/p>\n<p><img decoding=\"async\" class=\"aligncenter\" src=\"https:\/\/www.radio94fm.net\/site\/wp-content\/uploads\/2020\/02\/FIQUE-POR-DENTRO-2-BANNER.gif\"><\/p>\n","protected":false},"excerpt":{"rendered":"<p>&nbsp; &nbsp; &nbsp; &nbsp; Estamos h\u00e1 menos de 3 semanas do Natal. Nos pa\u00edses em que a maior parte da popula\u00e7\u00e3o \u00e9 crist\u00e3, as fam\u00edlias se re\u00fanem na noite do dia 24 para ceiar e trocar presentes. Todos deixam de lado as desaven\u00e7as e comemoram juntos o nascimento do filho de Deus. &nbsp; &nbsp; &nbsp;<\/p>\n","protected":false},"author":1,"featured_media":32681,"comment_status":"open","ping_status":"closed","sticky":false,"template":"","format":"standard","meta":{"ngg_post_thumbnail":0,"footnotes":""},"categories":[54],"tags":[],"class_list":["post-32670","post","type-post","status-publish","format-standard","has-post-thumbnail","hentry","category-fique-por-dentro","have-post-thumb"],"_links":{"self":[{"href":"https:\/\/radio94fm.net\/site\/wp-json\/wp\/v2\/posts\/32670","targetHints":{"allow":["GET"]}}],"collection":[{"href":"https:\/\/radio94fm.net\/site\/wp-json\/wp\/v2\/posts"}],"about":[{"href":"https:\/\/radio94fm.net\/site\/wp-json\/wp\/v2\/types\/post"}],"author":[{"embeddable":true,"href":"https:\/\/radio94fm.net\/site\/wp-json\/wp\/v2\/users\/1"}],"replies":[{"embeddable":true,"href":"https:\/\/radio94fm.net\/site\/wp-json\/wp\/v2\/comments?post=32670"}],"version-history":[{"count":0,"href":"https:\/\/radio94fm.net\/site\/wp-json\/wp\/v2\/posts\/32670\/revisions"}],"wp:attachment":[{"href":"https:\/\/radio94fm.net\/site\/wp-json\/wp\/v2\/media?parent=32670"}],"wp:term":[{"taxonomy":"category","embeddable":true,"href":"https:\/\/radio94fm.net\/site\/wp-json\/wp\/v2\/categories?post=32670"},{"taxonomy":"post_tag","embeddable":true,"href":"https:\/\/radio94fm.net\/site\/wp-json\/wp\/v2\/tags?post=32670"}],"curies":[{"name":"wp","href":"https:\/\/api.w.org\/{rel}","templated":true}]}}