{"id":32658,"date":"2020-12-07T13:37:26","date_gmt":"2020-12-07T16:37:26","guid":{"rendered":"http:\/\/www.radio94fm.net\/site\/?p=32658"},"modified":"2020-12-07T13:37:26","modified_gmt":"2020-12-07T16:37:26","slug":"comercio-lavrense-tem-expectativa-de-boas-vendas-durante-dezembro","status":"publish","type":"post","link":"https:\/\/radio94fm.net\/site\/comercio-lavrense-tem-expectativa-de-boas-vendas-durante-dezembro\/","title":{"rendered":"Com\u00e9rcio lavrense tem expectativa de boas vendas durante dezembro"},"content":{"rendered":"<p><img decoding=\"async\" class=\"aligncenter\" src=\"https:\/\/www.radio94fm.net\/site\/wp-content\/uploads\/2020\/02\/FIQUE-POR-DENTRO-1.gif\"><\/p>\n<p>&nbsp;<\/p>\n<p><a href=\"https:\/\/www.radio94fm.net\/site\/wp-content\/uploads\/2020\/12\/18dez2019-compras-de-natal-presentes-promocoes-fim-de-ano-1576681435028_v2_615x300.jpg\"><img loading=\"lazy\" decoding=\"async\" class=\"wp-image-32660 aligncenter\" src=\"https:\/\/www.radio94fm.net\/site\/wp-content\/uploads\/2020\/12\/18dez2019-compras-de-natal-presentes-promocoes-fim-de-ano-1576681435028_v2_615x300-300x146.jpg\" alt=\"\" width=\"604\" height=\"294\"><\/a><\/p>\n<p>&nbsp;<\/p>\n<p><span style=\"font-size: 14pt;\">O com\u00e9rcio varejista de Lavras tem se preparado para o Natal enfeitando as lojas na expectativa de boas vendas durante este m\u00eas de dezembro, para compensar as perdas acumuladas durante o ano, marcado pela pandemia do coronav\u00edrus.<\/span><\/p>\n<p>&nbsp;<\/p>\n<audio class=\"wp-audio-shortcode\" id=\"audio-32658-1\" preload=\"none\" style=\"width: 100%;\" controls=\"controls\"><source type=\"audio\/mpeg\" src=\"https:\/\/www.radio94fm.net\/site\/wp-content\/uploads\/2020\/12\/WhatsApp-Audio-2020-12-08-at-08.58.43.mp3?_=1\" \/><a href=\"https:\/\/www.radio94fm.net\/site\/wp-content\/uploads\/2020\/12\/WhatsApp-Audio-2020-12-08-at-08.58.43.mp3\">https:\/\/www.radio94fm.net\/site\/wp-content\/uploads\/2020\/12\/WhatsApp-Audio-2020-12-08-at-08.58.43.mp3<\/a><\/audio>\n<p><span style=\"font-size: 14pt;\">&nbsp;<\/span><\/p>\n<p>&nbsp;<\/p>\n<p><img decoding=\"async\" class=\"aligncenter\" src=\"https:\/\/www.radio94fm.net\/site\/wp-content\/uploads\/2020\/02\/FIQUE-POR-DENTRO-2-BANNER.gif\"><\/p>\n","protected":false},"excerpt":{"rendered":"<p>&nbsp; &nbsp; O com\u00e9rcio varejista de Lavras tem se preparado para o Natal enfeitando as lojas na expectativa de boas vendas durante este m\u00eas de dezembro, para compensar as perdas acumuladas durante o ano, marcado pela pandemia do coronav\u00edrus. &nbsp; &nbsp; &nbsp;<\/p>\n","protected":false},"author":1,"featured_media":32663,"comment_status":"open","ping_status":"closed","sticky":false,"template":"","format":"standard","meta":{"ngg_post_thumbnail":0,"footnotes":""},"categories":[54],"tags":[],"class_list":["post-32658","post","type-post","status-publish","format-standard","has-post-thumbnail","hentry","category-fique-por-dentro","have-post-thumb"],"_links":{"self":[{"href":"https:\/\/radio94fm.net\/site\/wp-json\/wp\/v2\/posts\/32658","targetHints":{"allow":["GET"]}}],"collection":[{"href":"https:\/\/radio94fm.net\/site\/wp-json\/wp\/v2\/posts"}],"about":[{"href":"https:\/\/radio94fm.net\/site\/wp-json\/wp\/v2\/types\/post"}],"author":[{"embeddable":true,"href":"https:\/\/radio94fm.net\/site\/wp-json\/wp\/v2\/users\/1"}],"replies":[{"embeddable":true,"href":"https:\/\/radio94fm.net\/site\/wp-json\/wp\/v2\/comments?post=32658"}],"version-history":[{"count":0,"href":"https:\/\/radio94fm.net\/site\/wp-json\/wp\/v2\/posts\/32658\/revisions"}],"wp:attachment":[{"href":"https:\/\/radio94fm.net\/site\/wp-json\/wp\/v2\/media?parent=32658"}],"wp:term":[{"taxonomy":"category","embeddable":true,"href":"https:\/\/radio94fm.net\/site\/wp-json\/wp\/v2\/categories?post=32658"},{"taxonomy":"post_tag","embeddable":true,"href":"https:\/\/radio94fm.net\/site\/wp-json\/wp\/v2\/tags?post=32658"}],"curies":[{"name":"wp","href":"https:\/\/api.w.org\/{rel}","templated":true}]}}