{"id":32625,"date":"2020-12-03T14:05:38","date_gmt":"2020-12-03T17:05:38","guid":{"rendered":"http:\/\/www.radio94fm.net\/site\/?p=32625"},"modified":"2020-12-03T14:05:38","modified_gmt":"2020-12-03T17:05:38","slug":"campanha-traz-alerta-para-o-aumento-do-numero-de-infectados-pelo-hiv-no-pais","status":"publish","type":"post","link":"https:\/\/radio94fm.net\/site\/campanha-traz-alerta-para-o-aumento-do-numero-de-infectados-pelo-hiv-no-pais\/","title":{"rendered":"Campanha traz alerta para o aumento do n\u00famero de infectados pelo HIV no pa\u00eds"},"content":{"rendered":"<p><img decoding=\"async\" src=\"https:\/\/www.radio94fm.net\/site\/wp-content\/uploads\/2020\/02\/FIQUE-POR-DENTRO-1.gif\"><\/p>\n<p>&nbsp;<\/p>\n<p>&nbsp;<\/p>\n<p><a href=\"https:\/\/www.radio94fm.net\/site\/wp-content\/uploads\/2020\/12\/hand-holding-red-bow_1232-766.jpg\"><img loading=\"lazy\" decoding=\"async\" class=\"alignnone size-medium wp-image-32627\" src=\"https:\/\/www.radio94fm.net\/site\/wp-content\/uploads\/2020\/12\/hand-holding-red-bow_1232-766-300x232.jpg\" alt=\"\" width=\"300\" height=\"232\"><\/a><\/p>\n<audio class=\"wp-audio-shortcode\" id=\"audio-32625-1\" preload=\"none\" style=\"width: 100%;\" controls=\"controls\"><source type=\"audio\/mpeg\" src=\"https:\/\/www.radio94fm.net\/site\/wp-content\/uploads\/2020\/12\/FPD-CAMPANHA-ALERTA-HIV-04-12-20-Pedro.mp3?_=1\" \/><a href=\"https:\/\/www.radio94fm.net\/site\/wp-content\/uploads\/2020\/12\/FPD-CAMPANHA-ALERTA-HIV-04-12-20-Pedro.mp3\">https:\/\/www.radio94fm.net\/site\/wp-content\/uploads\/2020\/12\/FPD-CAMPANHA-ALERTA-HIV-04-12-20-Pedro.mp3<\/a><\/audio>\n<p>&nbsp;<\/p>\n<p>&nbsp;<\/p>\n<p>Desde o dia 1\u00ba, est\u00e1 sendo divulgado em todo pa\u00eds o &#8220;Dezembro Vermelho&#8221;, campanha criada pelo Minist\u00e9rio da Sa\u00fade para a conscientiza\u00e7\u00e3o, combate e preven\u00e7\u00e3o da AIDS. No Brasil, j\u00e1 foram detectados quase um milh\u00e3o de casos, desde o descobrimento da doen\u00e7a, nos anos 80. S\u00f3 entre 2010 e 2019, houve um aumento de 21% no n\u00famero de novas infec\u00e7\u00f5es por HIV no pa\u00eds.<\/p>\n<p>&nbsp;<\/p>\n<p>.<\/p>\n<p><img decoding=\"async\" src=\"https:\/\/www.radio94fm.net\/site\/wp-content\/uploads\/2020\/02\/FIQUE-POR-DENTRO-2-BANNER.gif\"><\/p>\n","protected":false},"excerpt":{"rendered":"<p>&nbsp; &nbsp; &nbsp; &nbsp; Desde o dia 1\u00ba, est\u00e1 sendo divulgado em todo pa\u00eds o &#8220;Dezembro Vermelho&#8221;, campanha criada pelo Minist\u00e9rio da Sa\u00fade para a conscientiza\u00e7\u00e3o, combate e preven\u00e7\u00e3o da AIDS. No Brasil, j\u00e1 foram detectados quase um milh\u00e3o de casos, desde o descobrimento da doen\u00e7a, nos anos 80. S\u00f3 entre 2010 e 2019, houve&#8230;<\/p>\n","protected":false},"author":1,"featured_media":32626,"comment_status":"open","ping_status":"closed","sticky":false,"template":"","format":"standard","meta":{"ngg_post_thumbnail":0,"footnotes":""},"categories":[54],"tags":[],"class_list":["post-32625","post","type-post","status-publish","format-standard","has-post-thumbnail","hentry","category-fique-por-dentro","have-post-thumb"],"_links":{"self":[{"href":"https:\/\/radio94fm.net\/site\/wp-json\/wp\/v2\/posts\/32625","targetHints":{"allow":["GET"]}}],"collection":[{"href":"https:\/\/radio94fm.net\/site\/wp-json\/wp\/v2\/posts"}],"about":[{"href":"https:\/\/radio94fm.net\/site\/wp-json\/wp\/v2\/types\/post"}],"author":[{"embeddable":true,"href":"https:\/\/radio94fm.net\/site\/wp-json\/wp\/v2\/users\/1"}],"replies":[{"embeddable":true,"href":"https:\/\/radio94fm.net\/site\/wp-json\/wp\/v2\/comments?post=32625"}],"version-history":[{"count":0,"href":"https:\/\/radio94fm.net\/site\/wp-json\/wp\/v2\/posts\/32625\/revisions"}],"wp:attachment":[{"href":"https:\/\/radio94fm.net\/site\/wp-json\/wp\/v2\/media?parent=32625"}],"wp:term":[{"taxonomy":"category","embeddable":true,"href":"https:\/\/radio94fm.net\/site\/wp-json\/wp\/v2\/categories?post=32625"},{"taxonomy":"post_tag","embeddable":true,"href":"https:\/\/radio94fm.net\/site\/wp-json\/wp\/v2\/tags?post=32625"}],"curies":[{"name":"wp","href":"https:\/\/api.w.org\/{rel}","templated":true}]}}