{"id":32616,"date":"2020-12-03T09:20:14","date_gmt":"2020-12-03T12:20:14","guid":{"rendered":"http:\/\/www.radio94fm.net\/site\/?p=32616"},"modified":"2020-12-03T09:20:14","modified_gmt":"2020-12-03T12:20:14","slug":"ministerio-da-saude-lanca-campanha-nacional-de-combate-ao-mosquito-aedes-aegpti","status":"publish","type":"post","link":"https:\/\/radio94fm.net\/site\/ministerio-da-saude-lanca-campanha-nacional-de-combate-ao-mosquito-aedes-aegpti\/","title":{"rendered":"Minist\u00e9rio da Sa\u00fade lan\u00e7a campanha nacional de combate ao mosquito Aedes aegpti"},"content":{"rendered":"<p>i<\/p>\n<p><img decoding=\"async\" src=\"https:\/\/www.radio94fm.net\/site\/wp-content\/uploads\/2020\/02\/FIQUE-POR-DENTRO-1.gif\"><\/p>\n<p>&nbsp;<\/p>\n<p>Na \u00faltima ter\u00e7a, dia 24 de Novembro, o Minist\u00e9rio da Sa\u00fade&nbsp;<\/p>\n<p>lan\u00e7ou a campanha nacional &#8220;Combater o mosquito \u00e9 com voc\u00ea,<\/p>\n<p>comigo, com todo mundo&#8221;. O tema \u00e9 um chamado para que a popula\u00e7\u00e3o<\/p>\n<p>participe do combate ao mosquito Aedes aegypti transmissor da dengue, zika e chikungunya.<\/p>\n<p>&nbsp;<\/p>\n<p>&nbsp;<\/p>\n<audio class=\"wp-audio-shortcode\" id=\"audio-32616-1\" preload=\"none\" style=\"width: 100%;\" controls=\"controls\"><source type=\"audio\/mpeg\" src=\"https:\/\/www.radio94fm.net\/site\/wp-content\/uploads\/2020\/12\/FPD-COMBATE-A-DENGUE-01-12-120-Pedro.mp3?_=1\" \/><a href=\"https:\/\/www.radio94fm.net\/site\/wp-content\/uploads\/2020\/12\/FPD-COMBATE-A-DENGUE-01-12-120-Pedro.mp3\">https:\/\/www.radio94fm.net\/site\/wp-content\/uploads\/2020\/12\/FPD-COMBATE-A-DENGUE-01-12-120-Pedro.mp3<\/a><\/audio>\n<p>&nbsp;<\/p>\n<p>&nbsp;<\/p>\n<p>.<a href=\"https:\/\/www.radio94fm.net\/site\/wp-content\/uploads\/2020\/12\/combate-aedes-portal.jpg\"><img loading=\"lazy\" decoding=\"async\" class=\"alignnone size-medium wp-image-32619\" src=\"https:\/\/www.radio94fm.net\/site\/wp-content\/uploads\/2020\/12\/combate-aedes-portal-300x160.jpg\" alt=\"\" width=\"300\" height=\"160\"><\/a><\/p>\n<p>&nbsp;<\/p>\n<p>&nbsp;<\/p>\n<p><img decoding=\"async\" src=\"https:\/\/www.radio94fm.net\/site\/wp-content\/uploads\/2020\/02\/FIQUE-POR-DENTRO-2-BANNER.gif\"><\/p>\n","protected":false},"excerpt":{"rendered":"<p>i &nbsp; Na \u00faltima ter\u00e7a, dia 24 de Novembro, o Minist\u00e9rio da Sa\u00fade&nbsp; lan\u00e7ou a campanha nacional &#8220;Combater o mosquito \u00e9 com voc\u00ea, comigo, com todo mundo&#8221;. O tema \u00e9 um chamado para que a popula\u00e7\u00e3o participe do combate ao mosquito Aedes aegypti transmissor da dengue, zika e chikungunya. &nbsp; &nbsp; &nbsp; &nbsp; . &nbsp;&#8230;<\/p>\n","protected":false},"author":1,"featured_media":32619,"comment_status":"open","ping_status":"closed","sticky":false,"template":"","format":"standard","meta":{"ngg_post_thumbnail":0,"footnotes":""},"categories":[54],"tags":[],"class_list":["post-32616","post","type-post","status-publish","format-standard","has-post-thumbnail","hentry","category-fique-por-dentro","have-post-thumb"],"_links":{"self":[{"href":"https:\/\/radio94fm.net\/site\/wp-json\/wp\/v2\/posts\/32616","targetHints":{"allow":["GET"]}}],"collection":[{"href":"https:\/\/radio94fm.net\/site\/wp-json\/wp\/v2\/posts"}],"about":[{"href":"https:\/\/radio94fm.net\/site\/wp-json\/wp\/v2\/types\/post"}],"author":[{"embeddable":true,"href":"https:\/\/radio94fm.net\/site\/wp-json\/wp\/v2\/users\/1"}],"replies":[{"embeddable":true,"href":"https:\/\/radio94fm.net\/site\/wp-json\/wp\/v2\/comments?post=32616"}],"version-history":[{"count":0,"href":"https:\/\/radio94fm.net\/site\/wp-json\/wp\/v2\/posts\/32616\/revisions"}],"wp:attachment":[{"href":"https:\/\/radio94fm.net\/site\/wp-json\/wp\/v2\/media?parent=32616"}],"wp:term":[{"taxonomy":"category","embeddable":true,"href":"https:\/\/radio94fm.net\/site\/wp-json\/wp\/v2\/categories?post=32616"},{"taxonomy":"post_tag","embeddable":true,"href":"https:\/\/radio94fm.net\/site\/wp-json\/wp\/v2\/tags?post=32616"}],"curies":[{"name":"wp","href":"https:\/\/api.w.org\/{rel}","templated":true}]}}