{"id":32570,"date":"2020-11-30T10:27:57","date_gmt":"2020-11-30T13:27:57","guid":{"rendered":"http:\/\/www.radio94fm.net\/site\/?p=32570"},"modified":"2020-11-30T10:27:57","modified_gmt":"2020-11-30T13:27:57","slug":"escola-estadual-de-lavras-oferece-ensino-medio-em-tempo-integral-2","status":"publish","type":"post","link":"https:\/\/radio94fm.net\/site\/escola-estadual-de-lavras-oferece-ensino-medio-em-tempo-integral-2\/","title":{"rendered":"Escola Estadual  Jo\u00e3o Batista Hermeto de Lavras oferece Ensino M\u00e9dio em Tempo Integral"},"content":{"rendered":"<p><a href=\"https:\/\/www.radio94fm.net\/site\/wp-content\/uploads\/2020\/11\/download-3.jpg\"><img decoding=\"async\" src=\"https:\/\/www.radio94fm.net\/site\/wp-content\/uploads\/2020\/02\/FIQUE-POR-DENTRO-1.gif\"><\/a><\/p>\n<p><img loading=\"lazy\" decoding=\"async\" class=\"alignleft wp-image-32571 \" src=\"https:\/\/www.radio94fm.net\/site\/wp-content\/uploads\/2020\/11\/download-3-300x144.jpg\" alt=\"\" width=\"323\" height=\"155\"><\/p>\n<audio class=\"wp-audio-shortcode\" id=\"audio-32570-1\" preload=\"none\" style=\"width: 100%;\" controls=\"controls\"><source type=\"audio\/mpeg\" src=\"https:\/\/www.radio94fm.net\/site\/wp-content\/uploads\/2020\/11\/FPD-ESCOLA-JB-HERMETO-27-11-20.mp3?_=1\" \/><a href=\"https:\/\/www.radio94fm.net\/site\/wp-content\/uploads\/2020\/11\/FPD-ESCOLA-JB-HERMETO-27-11-20.mp3\">https:\/\/www.radio94fm.net\/site\/wp-content\/uploads\/2020\/11\/FPD-ESCOLA-JB-HERMETO-27-11-20.mp3<\/a><\/audio>\n<p>Desde&nbsp;2018, a Escola Estadual Jo\u00e3o Batista Hermeto est\u00e1 oferecendo&nbsp;aos seus alunos matriculados no ensino m\u00e9dio, a educa\u00e7\u00e3o integral e&nbsp;integrada, com curso t\u00e9cnico em administra\u00e7\u00e3o e aulas de disciplinas da base comum e da base curricular flex\u00edvel.<\/p>\n<p>&nbsp;<\/p>\n<p><img decoding=\"async\" src=\"https:\/\/www.radio94fm.net\/site\/wp-content\/uploads\/2020\/02\/FIQUE-POR-DENTRO-2-BANNER.gif\"><\/p>\n","protected":false},"excerpt":{"rendered":"<p>Desde&nbsp;2018, a Escola Estadual Jo\u00e3o Batista Hermeto est\u00e1 oferecendo&nbsp;aos seus alunos matriculados no ensino m\u00e9dio, a educa\u00e7\u00e3o integral e&nbsp;integrada, com curso t\u00e9cnico em administra\u00e7\u00e3o e aulas de disciplinas da base comum e da base curricular flex\u00edvel. &nbsp;<\/p>\n","protected":false},"author":1,"featured_media":32571,"comment_status":"open","ping_status":"closed","sticky":false,"template":"","format":"standard","meta":{"ngg_post_thumbnail":0,"footnotes":""},"categories":[54],"tags":[],"class_list":["post-32570","post","type-post","status-publish","format-standard","has-post-thumbnail","hentry","category-fique-por-dentro","have-post-thumb"],"_links":{"self":[{"href":"https:\/\/radio94fm.net\/site\/wp-json\/wp\/v2\/posts\/32570","targetHints":{"allow":["GET"]}}],"collection":[{"href":"https:\/\/radio94fm.net\/site\/wp-json\/wp\/v2\/posts"}],"about":[{"href":"https:\/\/radio94fm.net\/site\/wp-json\/wp\/v2\/types\/post"}],"author":[{"embeddable":true,"href":"https:\/\/radio94fm.net\/site\/wp-json\/wp\/v2\/users\/1"}],"replies":[{"embeddable":true,"href":"https:\/\/radio94fm.net\/site\/wp-json\/wp\/v2\/comments?post=32570"}],"version-history":[{"count":0,"href":"https:\/\/radio94fm.net\/site\/wp-json\/wp\/v2\/posts\/32570\/revisions"}],"wp:attachment":[{"href":"https:\/\/radio94fm.net\/site\/wp-json\/wp\/v2\/media?parent=32570"}],"wp:term":[{"taxonomy":"category","embeddable":true,"href":"https:\/\/radio94fm.net\/site\/wp-json\/wp\/v2\/categories?post=32570"},{"taxonomy":"post_tag","embeddable":true,"href":"https:\/\/radio94fm.net\/site\/wp-json\/wp\/v2\/tags?post=32570"}],"curies":[{"name":"wp","href":"https:\/\/api.w.org\/{rel}","templated":true}]}}