{"id":32528,"date":"2020-11-10T15:31:34","date_gmt":"2020-11-10T18:31:34","guid":{"rendered":"http:\/\/www.radio94fm.net\/site\/?p=32528"},"modified":"2020-11-10T15:31:34","modified_gmt":"2020-11-10T18:31:34","slug":"especialista-fala-sobre-rotina-de-criancas-em-casa-e-como-lidar-com-problemas-mentais-e-disturbios","status":"publish","type":"post","link":"https:\/\/radio94fm.net\/site\/especialista-fala-sobre-rotina-de-criancas-em-casa-e-como-lidar-com-problemas-mentais-e-disturbios\/","title":{"rendered":"Especialista fala sobre rotina de crian\u00e7as em casa e como lidar com problemas mentais e dist\u00farbios"},"content":{"rendered":"<p><img decoding=\"async\" src=\"https:\/\/www.radio94fm.net\/site\/wp-content\/uploads\/2020\/02\/FIQUE-POR-DENTRO-1.gif\"><\/p>\n<p>&nbsp;<\/p>\n<p>&nbsp;<\/p>\n<p><span style=\"font-weight: 400;\">S\u00e3o muitos os relatos de m\u00e3es que dizem vivenciar em casa uma ang\u00fastia ao ver os filhos e filhas ociosos e deprimidos. Sobre essa realidade, especialistas apontam que pode ser resultado de todos esses meses em que as escolas est\u00e3o de portas fechadas. Clique e confira a mat\u00e9ria&nbsp;<\/span><\/p>\n<p>&nbsp;<\/p>\n<p>&nbsp;<\/p>\n<audio class=\"wp-audio-shortcode\" id=\"audio-32528-1\" preload=\"none\" style=\"width: 100%;\" controls=\"controls\"><source type=\"audio\/mpeg\" src=\"https:\/\/www.radio94fm.net\/site\/wp-content\/uploads\/2020\/11\/FPD-ROTINA-DAS-CRIANCAS-NA-PANDEMIA-10-11-20-Adelina.mp3?_=1\" \/><a href=\"https:\/\/www.radio94fm.net\/site\/wp-content\/uploads\/2020\/11\/FPD-ROTINA-DAS-CRIANCAS-NA-PANDEMIA-10-11-20-Adelina.mp3\">https:\/\/www.radio94fm.net\/site\/wp-content\/uploads\/2020\/11\/FPD-ROTINA-DAS-CRIANCAS-NA-PANDEMIA-10-11-20-Adelina.mp3<\/a><\/audio>\n<p>&nbsp;<\/p>\n<p>&nbsp;<\/p>\n<p><img decoding=\"async\" src=\"https:\/\/www.radio94fm.net\/site\/wp-content\/uploads\/2020\/02\/FIQUE-POR-DENTRO-2-BANNER.gif\"><\/p>\n","protected":false},"excerpt":{"rendered":"<p>&nbsp; &nbsp; S\u00e3o muitos os relatos de m\u00e3es que dizem vivenciar em casa uma ang\u00fastia ao ver os filhos e filhas ociosos e deprimidos. Sobre essa realidade, especialistas apontam que pode ser resultado de todos esses meses em que as escolas est\u00e3o de portas fechadas. Clique e confira a mat\u00e9ria&nbsp; &nbsp; &nbsp; &nbsp; &nbsp;<\/p>\n","protected":false},"author":1,"featured_media":32530,"comment_status":"open","ping_status":"closed","sticky":false,"template":"","format":"standard","meta":{"ngg_post_thumbnail":0,"footnotes":""},"categories":[54],"tags":[],"class_list":["post-32528","post","type-post","status-publish","format-standard","has-post-thumbnail","hentry","category-fique-por-dentro","have-post-thumb"],"_links":{"self":[{"href":"https:\/\/radio94fm.net\/site\/wp-json\/wp\/v2\/posts\/32528","targetHints":{"allow":["GET"]}}],"collection":[{"href":"https:\/\/radio94fm.net\/site\/wp-json\/wp\/v2\/posts"}],"about":[{"href":"https:\/\/radio94fm.net\/site\/wp-json\/wp\/v2\/types\/post"}],"author":[{"embeddable":true,"href":"https:\/\/radio94fm.net\/site\/wp-json\/wp\/v2\/users\/1"}],"replies":[{"embeddable":true,"href":"https:\/\/radio94fm.net\/site\/wp-json\/wp\/v2\/comments?post=32528"}],"version-history":[{"count":0,"href":"https:\/\/radio94fm.net\/site\/wp-json\/wp\/v2\/posts\/32528\/revisions"}],"wp:attachment":[{"href":"https:\/\/radio94fm.net\/site\/wp-json\/wp\/v2\/media?parent=32528"}],"wp:term":[{"taxonomy":"category","embeddable":true,"href":"https:\/\/radio94fm.net\/site\/wp-json\/wp\/v2\/categories?post=32528"},{"taxonomy":"post_tag","embeddable":true,"href":"https:\/\/radio94fm.net\/site\/wp-json\/wp\/v2\/tags?post=32528"}],"curies":[{"name":"wp","href":"https:\/\/api.w.org\/{rel}","templated":true}]}}