{"id":32373,"date":"2020-09-22T13:54:34","date_gmt":"2020-09-22T16:54:34","guid":{"rendered":"http:\/\/www.radio94fm.net\/site\/?p=32373"},"modified":"2020-09-22T13:54:34","modified_gmt":"2020-09-22T16:54:34","slug":"campanha-setembro-amarelo-pela-valorizacao-da-vida-incentiva-cuidados-com-a-saude-mental","status":"publish","type":"post","link":"https:\/\/radio94fm.net\/site\/campanha-setembro-amarelo-pela-valorizacao-da-vida-incentiva-cuidados-com-a-saude-mental\/","title":{"rendered":"Campanha \u2018Setembro Amarelo\u2019 pela valoriza\u00e7\u00e3o da vida incentiva cuidados com a sa\u00fade mental"},"content":{"rendered":"<p><img decoding=\"async\" src=\"https:\/\/www.radio94fm.net\/site\/wp-content\/uploads\/2020\/02\/FIQUE-POR-DENTRO-1.gif\"><\/p>\n<p>&nbsp;<\/p>\n<p>&nbsp;<\/p>\n<p><span style=\"font-weight: 400;\">Setembro marca a campanha nacional pela valoriza\u00e7\u00e3o da vida. Este ano, em meio \u00e0 pandemia da covid-19, o Setembro Amarelo chama a aten\u00e7\u00e3o para os impactos na sa\u00fade f\u00edsica e mental da popula\u00e7\u00e3o. Clique e confira a mat\u00e9ria:<\/span><\/p>\n<p>&nbsp;<\/p>\n<p>&nbsp;<\/p>\n<audio class=\"wp-audio-shortcode\" id=\"audio-32373-1\" preload=\"none\" style=\"width: 100%;\" controls=\"controls\"><source type=\"audio\/mpeg\" src=\"https:\/\/www.radio94fm.net\/site\/wp-content\/uploads\/2020\/09\/FPD-SETEMBRO-AMARELO-01-09-20-Adelina.mp3?_=1\" \/><a href=\"https:\/\/www.radio94fm.net\/site\/wp-content\/uploads\/2020\/09\/FPD-SETEMBRO-AMARELO-01-09-20-Adelina.mp3\">https:\/\/www.radio94fm.net\/site\/wp-content\/uploads\/2020\/09\/FPD-SETEMBRO-AMARELO-01-09-20-Adelina.mp3<\/a><\/audio>\n<p>&nbsp;<\/p>\n<p>&nbsp;<\/p>\n<p><img decoding=\"async\" src=\"https:\/\/www.radio94fm.net\/site\/wp-content\/uploads\/2020\/02\/FIQUE-POR-DENTRO-2-BANNER.gif\"><\/p>\n","protected":false},"excerpt":{"rendered":"<p>&nbsp; &nbsp; Setembro marca a campanha nacional pela valoriza\u00e7\u00e3o da vida. Este ano, em meio \u00e0 pandemia da covid-19, o Setembro Amarelo chama a aten\u00e7\u00e3o para os impactos na sa\u00fade f\u00edsica e mental da popula\u00e7\u00e3o. Clique e confira a mat\u00e9ria: &nbsp; &nbsp; &nbsp; &nbsp;<\/p>\n","protected":false},"author":1,"featured_media":0,"comment_status":"open","ping_status":"closed","sticky":false,"template":"","format":"standard","meta":{"ngg_post_thumbnail":0,"footnotes":""},"categories":[54],"tags":[],"class_list":["post-32373","post","type-post","status-publish","format-standard","hentry","category-fique-por-dentro"],"_links":{"self":[{"href":"https:\/\/radio94fm.net\/site\/wp-json\/wp\/v2\/posts\/32373","targetHints":{"allow":["GET"]}}],"collection":[{"href":"https:\/\/radio94fm.net\/site\/wp-json\/wp\/v2\/posts"}],"about":[{"href":"https:\/\/radio94fm.net\/site\/wp-json\/wp\/v2\/types\/post"}],"author":[{"embeddable":true,"href":"https:\/\/radio94fm.net\/site\/wp-json\/wp\/v2\/users\/1"}],"replies":[{"embeddable":true,"href":"https:\/\/radio94fm.net\/site\/wp-json\/wp\/v2\/comments?post=32373"}],"version-history":[{"count":0,"href":"https:\/\/radio94fm.net\/site\/wp-json\/wp\/v2\/posts\/32373\/revisions"}],"wp:attachment":[{"href":"https:\/\/radio94fm.net\/site\/wp-json\/wp\/v2\/media?parent=32373"}],"wp:term":[{"taxonomy":"category","embeddable":true,"href":"https:\/\/radio94fm.net\/site\/wp-json\/wp\/v2\/categories?post=32373"},{"taxonomy":"post_tag","embeddable":true,"href":"https:\/\/radio94fm.net\/site\/wp-json\/wp\/v2\/tags?post=32373"}],"curies":[{"name":"wp","href":"https:\/\/api.w.org\/{rel}","templated":true}]}}