{"id":32365,"date":"2020-09-22T13:50:11","date_gmt":"2020-09-22T16:50:11","guid":{"rendered":"http:\/\/www.radio94fm.net\/site\/?p=32365"},"modified":"2020-09-22T13:50:11","modified_gmt":"2020-09-22T16:50:11","slug":"agosto-lilas-alerta-para-importancia-do-combate-a-violencia-contra-a-mulher","status":"publish","type":"post","link":"https:\/\/radio94fm.net\/site\/agosto-lilas-alerta-para-importancia-do-combate-a-violencia-contra-a-mulher\/","title":{"rendered":"\u2018Agosto Lil\u00e1s\u2019 alerta para import\u00e2ncia do combate \u00e0 viol\u00eancia contra a mulher"},"content":{"rendered":"<p><img decoding=\"async\" src=\"https:\/\/www.radio94fm.net\/site\/wp-content\/uploads\/2020\/02\/FIQUE-POR-DENTRO-1.gif\"><\/p>\n<p>&nbsp;<\/p>\n<p>&nbsp;<\/p>\n<p><span style=\"font-weight: 400;\">No dia 7 de agosto, a Lei Maria da Penha completou 14 anos. Para marcar a data, foi criada a campanha &#8216;Agosto lil\u00e1s&#8217; com objetivo de alertar a popula\u00e7\u00e3o sobre a import\u00e2ncia da preven\u00e7\u00e3o e do enfrentamento \u00e0 viol\u00eancia contra a mulher. Clique e confira a mat\u00e9ria:<\/span><\/p>\n<p>&nbsp;<\/p>\n<p>&nbsp;<\/p>\n<p>&nbsp;<\/p>\n<audio class=\"wp-audio-shortcode\" id=\"audio-32365-1\" preload=\"none\" style=\"width: 100%;\" controls=\"controls\"><source type=\"audio\/mpeg\" src=\"https:\/\/www.radio94fm.net\/site\/wp-content\/uploads\/2020\/09\/FPD-AGOSTO-LILAS-28-08-20-Adelina.mp3?_=1\" \/><a href=\"https:\/\/www.radio94fm.net\/site\/wp-content\/uploads\/2020\/09\/FPD-AGOSTO-LILAS-28-08-20-Adelina.mp3\">https:\/\/www.radio94fm.net\/site\/wp-content\/uploads\/2020\/09\/FPD-AGOSTO-LILAS-28-08-20-Adelina.mp3<\/a><\/audio>\n<p>&nbsp;<\/p>\n<p>&nbsp;<\/p>\n<p><img decoding=\"async\" src=\"https:\/\/www.radio94fm.net\/site\/wp-content\/uploads\/2020\/02\/FIQUE-POR-DENTRO-2-BANNER.gif\"><\/p>\n","protected":false},"excerpt":{"rendered":"<p>&nbsp; &nbsp; No dia 7 de agosto, a Lei Maria da Penha completou 14 anos. Para marcar a data, foi criada a campanha &#8216;Agosto lil\u00e1s&#8217; com objetivo de alertar a popula\u00e7\u00e3o sobre a import\u00e2ncia da preven\u00e7\u00e3o e do enfrentamento \u00e0 viol\u00eancia contra a mulher. Clique e confira a mat\u00e9ria: &nbsp; &nbsp; &nbsp; &nbsp; &nbsp;<\/p>\n","protected":false},"author":1,"featured_media":32367,"comment_status":"open","ping_status":"closed","sticky":false,"template":"","format":"standard","meta":{"ngg_post_thumbnail":0,"footnotes":""},"categories":[54],"tags":[],"class_list":["post-32365","post","type-post","status-publish","format-standard","has-post-thumbnail","hentry","category-fique-por-dentro","have-post-thumb"],"_links":{"self":[{"href":"https:\/\/radio94fm.net\/site\/wp-json\/wp\/v2\/posts\/32365","targetHints":{"allow":["GET"]}}],"collection":[{"href":"https:\/\/radio94fm.net\/site\/wp-json\/wp\/v2\/posts"}],"about":[{"href":"https:\/\/radio94fm.net\/site\/wp-json\/wp\/v2\/types\/post"}],"author":[{"embeddable":true,"href":"https:\/\/radio94fm.net\/site\/wp-json\/wp\/v2\/users\/1"}],"replies":[{"embeddable":true,"href":"https:\/\/radio94fm.net\/site\/wp-json\/wp\/v2\/comments?post=32365"}],"version-history":[{"count":0,"href":"https:\/\/radio94fm.net\/site\/wp-json\/wp\/v2\/posts\/32365\/revisions"}],"wp:attachment":[{"href":"https:\/\/radio94fm.net\/site\/wp-json\/wp\/v2\/media?parent=32365"}],"wp:term":[{"taxonomy":"category","embeddable":true,"href":"https:\/\/radio94fm.net\/site\/wp-json\/wp\/v2\/categories?post=32365"},{"taxonomy":"post_tag","embeddable":true,"href":"https:\/\/radio94fm.net\/site\/wp-json\/wp\/v2\/tags?post=32365"}],"curies":[{"name":"wp","href":"https:\/\/api.w.org\/{rel}","templated":true}]}}