{"id":32361,"date":"2020-09-22T13:47:42","date_gmt":"2020-09-22T16:47:42","guid":{"rendered":"http:\/\/www.radio94fm.net\/site\/?p=32361"},"modified":"2020-09-22T13:47:42","modified_gmt":"2020-09-22T16:47:42","slug":"policia-militar-do-meio-ambiente-apresenta-projeto-pedal-ecologico","status":"publish","type":"post","link":"https:\/\/radio94fm.net\/site\/policia-militar-do-meio-ambiente-apresenta-projeto-pedal-ecologico\/","title":{"rendered":"Pol\u00edcia Militar do Meio Ambiente apresenta Projeto \u2018Pedal Ecol\u00f3gico\u2019"},"content":{"rendered":"<p><img decoding=\"async\" src=\"https:\/\/www.radio94fm.net\/site\/wp-content\/uploads\/2020\/02\/FIQUE-POR-DENTRO-1.gif\"><\/p>\n<p>&nbsp;<\/p>\n<p>&nbsp;<\/p>\n<p><span style=\"font-weight: 400;\">A Pol\u00edcia Militar do Meio Ambiente de Lavras, apresentou na \u00faltima ter\u00e7a-feira no Centro de Educa\u00e7\u00e3o Ambiental (Ecol\u00e2ndia), o projeto de Educa\u00e7\u00e3o Ambiental \u2018Pedal Ecol\u00f3gico\u2019. Clique e confira a mat\u00e9ria:<\/span><\/p>\n<p>&nbsp;<\/p>\n<p>&nbsp;<\/p>\n<audio class=\"wp-audio-shortcode\" id=\"audio-32361-1\" preload=\"none\" style=\"width: 100%;\" controls=\"controls\"><source type=\"audio\/mpeg\" src=\"https:\/\/www.radio94fm.net\/site\/wp-content\/uploads\/2020\/09\/FPD-PEDAL-ECOLOGICO-27-08-20-Adelina.mp3?_=1\" \/><a href=\"https:\/\/www.radio94fm.net\/site\/wp-content\/uploads\/2020\/09\/FPD-PEDAL-ECOLOGICO-27-08-20-Adelina.mp3\">https:\/\/www.radio94fm.net\/site\/wp-content\/uploads\/2020\/09\/FPD-PEDAL-ECOLOGICO-27-08-20-Adelina.mp3<\/a><\/audio>\n<p>&nbsp;<\/p>\n<p>&nbsp;<\/p>\n<p>&nbsp;<\/p>\n<p><img decoding=\"async\" src=\"https:\/\/www.radio94fm.net\/site\/wp-content\/uploads\/2020\/02\/FIQUE-POR-DENTRO-2-BANNER.gif\"><\/p>\n","protected":false},"excerpt":{"rendered":"<p>&nbsp; &nbsp; A Pol\u00edcia Militar do Meio Ambiente de Lavras, apresentou na \u00faltima ter\u00e7a-feira no Centro de Educa\u00e7\u00e3o Ambiental (Ecol\u00e2ndia), o projeto de Educa\u00e7\u00e3o Ambiental \u2018Pedal Ecol\u00f3gico\u2019. Clique e confira a mat\u00e9ria: &nbsp; &nbsp; &nbsp; &nbsp; &nbsp;<\/p>\n","protected":false},"author":1,"featured_media":32363,"comment_status":"open","ping_status":"closed","sticky":false,"template":"","format":"standard","meta":{"ngg_post_thumbnail":0,"footnotes":""},"categories":[54],"tags":[],"class_list":["post-32361","post","type-post","status-publish","format-standard","has-post-thumbnail","hentry","category-fique-por-dentro","have-post-thumb"],"_links":{"self":[{"href":"https:\/\/radio94fm.net\/site\/wp-json\/wp\/v2\/posts\/32361","targetHints":{"allow":["GET"]}}],"collection":[{"href":"https:\/\/radio94fm.net\/site\/wp-json\/wp\/v2\/posts"}],"about":[{"href":"https:\/\/radio94fm.net\/site\/wp-json\/wp\/v2\/types\/post"}],"author":[{"embeddable":true,"href":"https:\/\/radio94fm.net\/site\/wp-json\/wp\/v2\/users\/1"}],"replies":[{"embeddable":true,"href":"https:\/\/radio94fm.net\/site\/wp-json\/wp\/v2\/comments?post=32361"}],"version-history":[{"count":0,"href":"https:\/\/radio94fm.net\/site\/wp-json\/wp\/v2\/posts\/32361\/revisions"}],"wp:attachment":[{"href":"https:\/\/radio94fm.net\/site\/wp-json\/wp\/v2\/media?parent=32361"}],"wp:term":[{"taxonomy":"category","embeddable":true,"href":"https:\/\/radio94fm.net\/site\/wp-json\/wp\/v2\/categories?post=32361"},{"taxonomy":"post_tag","embeddable":true,"href":"https:\/\/radio94fm.net\/site\/wp-json\/wp\/v2\/tags?post=32361"}],"curies":[{"name":"wp","href":"https:\/\/api.w.org\/{rel}","templated":true}]}}