{"id":32357,"date":"2020-09-22T13:43:06","date_gmt":"2020-09-22T16:43:06","guid":{"rendered":"http:\/\/www.radio94fm.net\/site\/?p=32357"},"modified":"2020-09-22T13:43:06","modified_gmt":"2020-09-22T16:43:06","slug":"evento-gratuito-discute-tendencias-na-relacao-entre-cliente-e-empresa","status":"publish","type":"post","link":"https:\/\/radio94fm.net\/site\/evento-gratuito-discute-tendencias-na-relacao-entre-cliente-e-empresa\/","title":{"rendered":"Evento gratuito discute tend\u00eancias na rela\u00e7\u00e3o entre cliente e empresa"},"content":{"rendered":"<p><img decoding=\"async\" src=\"https:\/\/www.radio94fm.net\/site\/wp-content\/uploads\/2020\/02\/FIQUE-POR-DENTRO-1.gif\"><\/p>\n<p>&nbsp;<\/p>\n<p>&nbsp;<\/p>\n<p><span style=\"font-weight: 400;\">O segmento do varejo representa hoje 44,5% do PIB de Minas Gerais. S\u00e3o 342 mil empresas formais e 2,6 milh\u00f5es de postos de trabalho em todo o Estado.<\/span><\/p>\n<p>&nbsp;<\/p>\n<p><span style=\"font-weight: 400;\">Para discutir sobre o tema, acontece nesta ter\u00e7a-feira, \u00e0s 19 horas a palestra online Senac Varejo 2020 \u2013 Tend\u00eancias de mercado e experi\u00eancias de consumo. Clique e confira a mat\u00e9ria:<\/span><\/p>\n<p>&nbsp;<\/p>\n<p>&nbsp;<\/p>\n<audio class=\"wp-audio-shortcode\" id=\"audio-32357-1\" preload=\"none\" style=\"width: 100%;\" controls=\"controls\"><source type=\"audio\/mpeg\" src=\"https:\/\/www.radio94fm.net\/site\/wp-content\/uploads\/2020\/09\/FPD-SENAC-VAREJO-2020-25-08-20-Adelina.mp3?_=1\" \/><a href=\"https:\/\/www.radio94fm.net\/site\/wp-content\/uploads\/2020\/09\/FPD-SENAC-VAREJO-2020-25-08-20-Adelina.mp3\">https:\/\/www.radio94fm.net\/site\/wp-content\/uploads\/2020\/09\/FPD-SENAC-VAREJO-2020-25-08-20-Adelina.mp3<\/a><\/audio>\n<p>&nbsp;<\/p>\n<p>&nbsp;<\/p>\n<p>&nbsp;<\/p>\n<p><img decoding=\"async\" src=\"https:\/\/www.radio94fm.net\/site\/wp-content\/uploads\/2020\/02\/FIQUE-POR-DENTRO-2-BANNER.gif\"><\/p>\n","protected":false},"excerpt":{"rendered":"<p>&nbsp; &nbsp; O segmento do varejo representa hoje 44,5% do PIB de Minas Gerais. S\u00e3o 342 mil empresas formais e 2,6 milh\u00f5es de postos de trabalho em todo o Estado. &nbsp; Para discutir sobre o tema, acontece nesta ter\u00e7a-feira, \u00e0s 19 horas a palestra online Senac Varejo 2020 \u2013 Tend\u00eancias de mercado e experi\u00eancias de&#8230;<\/p>\n","protected":false},"author":1,"featured_media":32359,"comment_status":"open","ping_status":"closed","sticky":false,"template":"","format":"standard","meta":{"ngg_post_thumbnail":0,"footnotes":""},"categories":[54],"tags":[],"class_list":["post-32357","post","type-post","status-publish","format-standard","has-post-thumbnail","hentry","category-fique-por-dentro","have-post-thumb"],"_links":{"self":[{"href":"https:\/\/radio94fm.net\/site\/wp-json\/wp\/v2\/posts\/32357","targetHints":{"allow":["GET"]}}],"collection":[{"href":"https:\/\/radio94fm.net\/site\/wp-json\/wp\/v2\/posts"}],"about":[{"href":"https:\/\/radio94fm.net\/site\/wp-json\/wp\/v2\/types\/post"}],"author":[{"embeddable":true,"href":"https:\/\/radio94fm.net\/site\/wp-json\/wp\/v2\/users\/1"}],"replies":[{"embeddable":true,"href":"https:\/\/radio94fm.net\/site\/wp-json\/wp\/v2\/comments?post=32357"}],"version-history":[{"count":0,"href":"https:\/\/radio94fm.net\/site\/wp-json\/wp\/v2\/posts\/32357\/revisions"}],"wp:attachment":[{"href":"https:\/\/radio94fm.net\/site\/wp-json\/wp\/v2\/media?parent=32357"}],"wp:term":[{"taxonomy":"category","embeddable":true,"href":"https:\/\/radio94fm.net\/site\/wp-json\/wp\/v2\/categories?post=32357"},{"taxonomy":"post_tag","embeddable":true,"href":"https:\/\/radio94fm.net\/site\/wp-json\/wp\/v2\/tags?post=32357"}],"curies":[{"name":"wp","href":"https:\/\/api.w.org\/{rel}","templated":true}]}}