{"id":32353,"date":"2020-09-22T13:40:56","date_gmt":"2020-09-22T16:40:56","guid":{"rendered":"http:\/\/www.radio94fm.net\/site\/?p=32353"},"modified":"2020-09-22T13:40:56","modified_gmt":"2020-09-22T16:40:56","slug":"campanha-agosto-dourado-reforca-importancia-da-amamentacao","status":"publish","type":"post","link":"https:\/\/radio94fm.net\/site\/campanha-agosto-dourado-reforca-importancia-da-amamentacao\/","title":{"rendered":"Campanha Agosto Dourado refor\u00e7a import\u00e2ncia da amamenta\u00e7\u00e3o"},"content":{"rendered":"<p><img decoding=\"async\" src=\"https:\/\/www.radio94fm.net\/site\/wp-content\/uploads\/2020\/02\/FIQUE-POR-DENTRO-1.gif\"><\/p>\n<p>&nbsp;<\/p>\n<p>&nbsp;<\/p>\n<p><span style=\"font-weight: 400;\">A campanha Agosto Dourado acontece todos os anos e tem como objetivo conscientizar sobre a import\u00e2ncia da amamenta\u00e7\u00e3o. Segundo a Organiza\u00e7\u00e3o Mundial da Sa\u00fade (OMS), o aleitamento materno \u00e9 a principal fonte de alimenta\u00e7\u00e3o e de nutrientes da crian\u00e7a nos primeiros meses de vida. Clique e confira a mat\u00e9ria:<\/span><\/p>\n<p>&nbsp;<\/p>\n<p>&nbsp;<\/p>\n<p>&nbsp;<\/p>\n<audio class=\"wp-audio-shortcode\" id=\"audio-32353-1\" preload=\"none\" style=\"width: 100%;\" controls=\"controls\"><source type=\"audio\/mpeg\" src=\"https:\/\/www.radio94fm.net\/site\/wp-content\/uploads\/2020\/09\/FPD-AGOSTO-DOURADO-24-08-20-Adelina.mp3?_=1\" \/><a href=\"https:\/\/www.radio94fm.net\/site\/wp-content\/uploads\/2020\/09\/FPD-AGOSTO-DOURADO-24-08-20-Adelina.mp3\">https:\/\/www.radio94fm.net\/site\/wp-content\/uploads\/2020\/09\/FPD-AGOSTO-DOURADO-24-08-20-Adelina.mp3<\/a><\/audio>\n<p>&nbsp;<\/p>\n<p>&nbsp;<\/p>\n<p>&nbsp;<\/p>\n<p><img decoding=\"async\" src=\"https:\/\/www.radio94fm.net\/site\/wp-content\/uploads\/2020\/02\/FIQUE-POR-DENTRO-2-BANNER.gif\"><\/p>\n","protected":false},"excerpt":{"rendered":"<p>&nbsp; &nbsp; A campanha Agosto Dourado acontece todos os anos e tem como objetivo conscientizar sobre a import\u00e2ncia da amamenta\u00e7\u00e3o. Segundo a Organiza\u00e7\u00e3o Mundial da Sa\u00fade (OMS), o aleitamento materno \u00e9 a principal fonte de alimenta\u00e7\u00e3o e de nutrientes da crian\u00e7a nos primeiros meses de vida. Clique e confira a mat\u00e9ria: &nbsp; &nbsp; &nbsp; &nbsp;&#8230;<\/p>\n","protected":false},"author":1,"featured_media":32355,"comment_status":"open","ping_status":"closed","sticky":false,"template":"","format":"standard","meta":{"ngg_post_thumbnail":0,"footnotes":""},"categories":[54],"tags":[],"class_list":["post-32353","post","type-post","status-publish","format-standard","has-post-thumbnail","hentry","category-fique-por-dentro","have-post-thumb"],"_links":{"self":[{"href":"https:\/\/radio94fm.net\/site\/wp-json\/wp\/v2\/posts\/32353","targetHints":{"allow":["GET"]}}],"collection":[{"href":"https:\/\/radio94fm.net\/site\/wp-json\/wp\/v2\/posts"}],"about":[{"href":"https:\/\/radio94fm.net\/site\/wp-json\/wp\/v2\/types\/post"}],"author":[{"embeddable":true,"href":"https:\/\/radio94fm.net\/site\/wp-json\/wp\/v2\/users\/1"}],"replies":[{"embeddable":true,"href":"https:\/\/radio94fm.net\/site\/wp-json\/wp\/v2\/comments?post=32353"}],"version-history":[{"count":0,"href":"https:\/\/radio94fm.net\/site\/wp-json\/wp\/v2\/posts\/32353\/revisions"}],"wp:attachment":[{"href":"https:\/\/radio94fm.net\/site\/wp-json\/wp\/v2\/media?parent=32353"}],"wp:term":[{"taxonomy":"category","embeddable":true,"href":"https:\/\/radio94fm.net\/site\/wp-json\/wp\/v2\/categories?post=32353"},{"taxonomy":"post_tag","embeddable":true,"href":"https:\/\/radio94fm.net\/site\/wp-json\/wp\/v2\/tags?post=32353"}],"curies":[{"name":"wp","href":"https:\/\/api.w.org\/{rel}","templated":true}]}}