{"id":32309,"date":"2020-08-18T13:38:37","date_gmt":"2020-08-18T16:38:37","guid":{"rendered":"http:\/\/www.radio94fm.net\/site\/?p=32309"},"modified":"2020-08-18T13:38:37","modified_gmt":"2020-08-18T16:38:37","slug":"distanciamento-social-pode-causar-prejuizos-a-saude-mental-de-idosos","status":"publish","type":"post","link":"https:\/\/radio94fm.net\/site\/distanciamento-social-pode-causar-prejuizos-a-saude-mental-de-idosos\/","title":{"rendered":"Distanciamento social pode causar preju\u00edzos \u00e0 sa\u00fade mental de idosos"},"content":{"rendered":"<p><img decoding=\"async\" src=\"https:\/\/www.radio94fm.net\/site\/wp-content\/uploads\/2020\/02\/FIQUE-POR-DENTRO-1.gif\"><\/p>\n<p>&nbsp;<\/p>\n<p>&nbsp;<\/p>\n<p>&nbsp;<\/p>\n<p><span style=\"font-weight: 400;\">De acordo com informa\u00e7\u00f5es do Minist\u00e9rio da Sa\u00fade, as pessoas com idade acima dos 70 anos s\u00e3o as que mais apresentam quadros de depress\u00e3o avan\u00e7ada, no Brasil. Essa triste e preocupante estat\u00edstica indica que a aten\u00e7\u00e3o ao bem-estar dessas pessoas durante o per\u00edodo de isolamento social imposto pelo novo coronav\u00edrus deve ser dobrada. Clique e confira a mat\u00e9ria:<\/span><\/p>\n<p>&nbsp;<\/p>\n<p>&nbsp;<\/p>\n<audio class=\"wp-audio-shortcode\" id=\"audio-32309-1\" preload=\"none\" style=\"width: 100%;\" controls=\"controls\"><source type=\"audio\/mpeg\" src=\"https:\/\/www.radio94fm.net\/site\/wp-content\/uploads\/2020\/08\/FPD-SAUDE-MENTAL-DOS-IDOSOS-10-08-20-Adelina.mp3?_=1\" \/><a href=\"https:\/\/www.radio94fm.net\/site\/wp-content\/uploads\/2020\/08\/FPD-SAUDE-MENTAL-DOS-IDOSOS-10-08-20-Adelina.mp3\">https:\/\/www.radio94fm.net\/site\/wp-content\/uploads\/2020\/08\/FPD-SAUDE-MENTAL-DOS-IDOSOS-10-08-20-Adelina.mp3<\/a><\/audio>\n<p>&nbsp;<\/p>\n<p>&nbsp;<\/p>\n<p>&nbsp;<\/p>\n<p><img decoding=\"async\" src=\"https:\/\/www.radio94fm.net\/site\/wp-content\/uploads\/2020\/02\/FIQUE-POR-DENTRO-2-BANNER.gif\"><\/p>\n","protected":false},"excerpt":{"rendered":"<p>&nbsp; &nbsp; &nbsp; De acordo com informa\u00e7\u00f5es do Minist\u00e9rio da Sa\u00fade, as pessoas com idade acima dos 70 anos s\u00e3o as que mais apresentam quadros de depress\u00e3o avan\u00e7ada, no Brasil. Essa triste e preocupante estat\u00edstica indica que a aten\u00e7\u00e3o ao bem-estar dessas pessoas durante o per\u00edodo de isolamento social imposto pelo novo coronav\u00edrus deve ser&#8230;<\/p>\n","protected":false},"author":1,"featured_media":32311,"comment_status":"open","ping_status":"closed","sticky":false,"template":"","format":"standard","meta":{"ngg_post_thumbnail":0,"footnotes":""},"categories":[54],"tags":[],"class_list":["post-32309","post","type-post","status-publish","format-standard","has-post-thumbnail","hentry","category-fique-por-dentro","have-post-thumb"],"_links":{"self":[{"href":"https:\/\/radio94fm.net\/site\/wp-json\/wp\/v2\/posts\/32309","targetHints":{"allow":["GET"]}}],"collection":[{"href":"https:\/\/radio94fm.net\/site\/wp-json\/wp\/v2\/posts"}],"about":[{"href":"https:\/\/radio94fm.net\/site\/wp-json\/wp\/v2\/types\/post"}],"author":[{"embeddable":true,"href":"https:\/\/radio94fm.net\/site\/wp-json\/wp\/v2\/users\/1"}],"replies":[{"embeddable":true,"href":"https:\/\/radio94fm.net\/site\/wp-json\/wp\/v2\/comments?post=32309"}],"version-history":[{"count":0,"href":"https:\/\/radio94fm.net\/site\/wp-json\/wp\/v2\/posts\/32309\/revisions"}],"wp:attachment":[{"href":"https:\/\/radio94fm.net\/site\/wp-json\/wp\/v2\/media?parent=32309"}],"wp:term":[{"taxonomy":"category","embeddable":true,"href":"https:\/\/radio94fm.net\/site\/wp-json\/wp\/v2\/categories?post=32309"},{"taxonomy":"post_tag","embeddable":true,"href":"https:\/\/radio94fm.net\/site\/wp-json\/wp\/v2\/tags?post=32309"}],"curies":[{"name":"wp","href":"https:\/\/api.w.org\/{rel}","templated":true}]}}