{"id":32235,"date":"2020-07-14T14:57:05","date_gmt":"2020-07-14T17:57:05","guid":{"rendered":"http:\/\/www.radio94fm.net\/site\/?p=32235"},"modified":"2020-07-14T14:57:05","modified_gmt":"2020-07-14T17:57:05","slug":"crimes-de-violencia-e-abuso-sexual-contra-criancas-aumentam-durante-a-pandemia","status":"publish","type":"post","link":"https:\/\/radio94fm.net\/site\/crimes-de-violencia-e-abuso-sexual-contra-criancas-aumentam-durante-a-pandemia\/","title":{"rendered":"Crimes de viol\u00eancia e abuso sexual contra crian\u00e7as aumentam durante a pandemia"},"content":{"rendered":"<p><img decoding=\"async\" src=\"https:\/\/www.radio94fm.net\/site\/wp-content\/uploads\/2020\/02\/FIQUE-POR-DENTRO-1.gif\"><\/p>\n<p>&nbsp;<\/p>\n<p>&nbsp;<\/p>\n<p>&nbsp;<\/p>\n<p><span style=\"font-weight: 400;\">Durante o isolamento social, os casos de viol\u00eancia e abuso sexual a crian\u00e7as aumentaram cerca de 26%. A maioria das v\u00edtimas s\u00e3o meninas de at\u00e9 onze anos de idade. Clique e confira a mat\u00e9ria:<\/span><\/p>\n<p>&nbsp;<\/p>\n<p>&nbsp;<\/p>\n<p>&nbsp;<\/p>\n<audio class=\"wp-audio-shortcode\" id=\"audio-32235-1\" preload=\"none\" style=\"width: 100%;\" controls=\"controls\"><source type=\"audio\/mpeg\" src=\"https:\/\/www.radio94fm.net\/site\/wp-content\/uploads\/2020\/07\/FPD-ABUSO-SEXUAL-DURANTE-PANDEMIA-13-07-20-Adelina.mp3?_=1\" \/><a href=\"https:\/\/www.radio94fm.net\/site\/wp-content\/uploads\/2020\/07\/FPD-ABUSO-SEXUAL-DURANTE-PANDEMIA-13-07-20-Adelina.mp3\">https:\/\/www.radio94fm.net\/site\/wp-content\/uploads\/2020\/07\/FPD-ABUSO-SEXUAL-DURANTE-PANDEMIA-13-07-20-Adelina.mp3<\/a><\/audio>\n<p>&nbsp;<\/p>\n<p>&nbsp;<\/p>\n<p>&nbsp;<\/p>\n<p><img decoding=\"async\" src=\"https:\/\/www.radio94fm.net\/site\/wp-content\/uploads\/2020\/02\/FIQUE-POR-DENTRO-2-BANNER.gif\"><\/p>\n<p>Foto: Reprodu\u00e7\u00e3o\/Banco de imagens<\/p>\n","protected":false},"excerpt":{"rendered":"<p>&nbsp; &nbsp; &nbsp; Durante o isolamento social, os casos de viol\u00eancia e abuso sexual a crian\u00e7as aumentaram cerca de 26%. A maioria das v\u00edtimas s\u00e3o meninas de at\u00e9 onze anos de idade. Clique e confira a mat\u00e9ria: &nbsp; &nbsp; &nbsp; &nbsp; &nbsp; &nbsp; Foto: Reprodu\u00e7\u00e3o\/Banco de imagens<\/p>\n","protected":false},"author":1,"featured_media":32237,"comment_status":"open","ping_status":"closed","sticky":false,"template":"","format":"standard","meta":{"ngg_post_thumbnail":0,"footnotes":""},"categories":[54],"tags":[],"class_list":["post-32235","post","type-post","status-publish","format-standard","has-post-thumbnail","hentry","category-fique-por-dentro","have-post-thumb"],"_links":{"self":[{"href":"https:\/\/radio94fm.net\/site\/wp-json\/wp\/v2\/posts\/32235","targetHints":{"allow":["GET"]}}],"collection":[{"href":"https:\/\/radio94fm.net\/site\/wp-json\/wp\/v2\/posts"}],"about":[{"href":"https:\/\/radio94fm.net\/site\/wp-json\/wp\/v2\/types\/post"}],"author":[{"embeddable":true,"href":"https:\/\/radio94fm.net\/site\/wp-json\/wp\/v2\/users\/1"}],"replies":[{"embeddable":true,"href":"https:\/\/radio94fm.net\/site\/wp-json\/wp\/v2\/comments?post=32235"}],"version-history":[{"count":0,"href":"https:\/\/radio94fm.net\/site\/wp-json\/wp\/v2\/posts\/32235\/revisions"}],"wp:attachment":[{"href":"https:\/\/radio94fm.net\/site\/wp-json\/wp\/v2\/media?parent=32235"}],"wp:term":[{"taxonomy":"category","embeddable":true,"href":"https:\/\/radio94fm.net\/site\/wp-json\/wp\/v2\/categories?post=32235"},{"taxonomy":"post_tag","embeddable":true,"href":"https:\/\/radio94fm.net\/site\/wp-json\/wp\/v2\/tags?post=32235"}],"curies":[{"name":"wp","href":"https:\/\/api.w.org\/{rel}","templated":true}]}}