{"id":32214,"date":"2020-06-25T14:31:17","date_gmt":"2020-06-25T17:31:17","guid":{"rendered":"http:\/\/www.radio94fm.net\/site\/?p=32214"},"modified":"2020-06-25T14:31:17","modified_gmt":"2020-06-25T17:31:17","slug":"pericles-lanca-ep-retro-com-musicas-antigas-regravadas-em-lives","status":"publish","type":"post","link":"https:\/\/radio94fm.net\/site\/pericles-lanca-ep-retro-com-musicas-antigas-regravadas-em-lives\/","title":{"rendered":"P\u00e9ricles lan\u00e7a EP Retr\u00f4 com m\u00fasicas antigas regravadas em lives"},"content":{"rendered":"<p class=\"selectionShareable\">P\u00e9ricles revive sucessos antigos no novo EP &#8220;P\u00e9ric\u00e3o Retr\u00f4&#8221;, com m\u00fasicas regravadas em lives durante a quarentena.<\/p>\n<p class=\"selectionShareable\">S\u00e3o sete m\u00fasicas, duas j\u00e1 dispon\u00edveis nas plataformas digitais: Dom de Sonhar \u2013 lan\u00e7ado pelo Exaltasamba em 1996 \u2013 e Sorriso Aberto. As outras faixas ser\u00e3o lan\u00e7adas em julho, todas regrava\u00e7\u00f5es, como Separa\u00e7\u00e3o.&nbsp;Ap\u00f3s o sucesso da \u00faltima live, o cantor tamb\u00e9m anunciou outro show online para o dia 4 de julho. &#8220;Dia 04 de Julho, \u00e0s 18h, com&nbsp;<a href=\"https:\/\/www.instagram.com\/explore\/tags\/sambadorei\/\">#SambaDoRei<\/a>. Uma transmiss\u00e3o especial com muitas novidades..&#8221;, escreveu P\u00e9ricles nas redes sociais.<\/p>\n","protected":false},"excerpt":{"rendered":"<p>P\u00e9ricles revive sucessos antigos no novo EP &#8220;P\u00e9ric\u00e3o Retr\u00f4&#8221;, com m\u00fasicas regravadas em lives durante a quarentena. S\u00e3o sete m\u00fasicas, duas j\u00e1 dispon\u00edveis nas plataformas digitais: Dom de Sonhar \u2013 lan\u00e7ado pelo Exaltasamba em 1996 \u2013 e Sorriso Aberto. As outras faixas ser\u00e3o lan\u00e7adas em julho, todas regrava\u00e7\u00f5es, como Separa\u00e7\u00e3o.&nbsp;Ap\u00f3s o sucesso da \u00faltima live,&#8230;<\/p>\n","protected":false},"author":1,"featured_media":32215,"comment_status":"open","ping_status":"closed","sticky":false,"template":"","format":"standard","meta":{"ngg_post_thumbnail":0,"footnotes":""},"categories":[60],"tags":[],"class_list":["post-32214","post","type-post","status-publish","format-standard","has-post-thumbnail","hentry","category-na-musica","have-post-thumb"],"_links":{"self":[{"href":"https:\/\/radio94fm.net\/site\/wp-json\/wp\/v2\/posts\/32214","targetHints":{"allow":["GET"]}}],"collection":[{"href":"https:\/\/radio94fm.net\/site\/wp-json\/wp\/v2\/posts"}],"about":[{"href":"https:\/\/radio94fm.net\/site\/wp-json\/wp\/v2\/types\/post"}],"author":[{"embeddable":true,"href":"https:\/\/radio94fm.net\/site\/wp-json\/wp\/v2\/users\/1"}],"replies":[{"embeddable":true,"href":"https:\/\/radio94fm.net\/site\/wp-json\/wp\/v2\/comments?post=32214"}],"version-history":[{"count":0,"href":"https:\/\/radio94fm.net\/site\/wp-json\/wp\/v2\/posts\/32214\/revisions"}],"wp:featuredmedia":[{"embeddable":true,"href":"https:\/\/radio94fm.net\/site\/wp-json\/"}],"wp:attachment":[{"href":"https:\/\/radio94fm.net\/site\/wp-json\/wp\/v2\/media?parent=32214"}],"wp:term":[{"taxonomy":"category","embeddable":true,"href":"https:\/\/radio94fm.net\/site\/wp-json\/wp\/v2\/categories?post=32214"},{"taxonomy":"post_tag","embeddable":true,"href":"https:\/\/radio94fm.net\/site\/wp-json\/wp\/v2\/tags?post=32214"}],"curies":[{"name":"wp","href":"https:\/\/api.w.org\/{rel}","templated":true}]}}