{"id":32176,"date":"2020-06-22T15:27:36","date_gmt":"2020-06-22T18:27:36","guid":{"rendered":"http:\/\/www.radio94fm.net\/site\/?p=32176"},"modified":"2020-06-22T15:27:36","modified_gmt":"2020-06-22T18:27:36","slug":"lavras-realiza-testagem-da-populacao-para-o-novo-coronavirus","status":"publish","type":"post","link":"https:\/\/radio94fm.net\/site\/lavras-realiza-testagem-da-populacao-para-o-novo-coronavirus\/","title":{"rendered":"Lavras realiza testagem da popula\u00e7\u00e3o para o novo coronav\u00edrus"},"content":{"rendered":"<p><img decoding=\"async\" src=\"https:\/\/www.radio94fm.net\/site\/wp-content\/uploads\/2020\/02\/FIQUE-POR-DENTRO-1.gif\"><\/p>\n<p>&nbsp;<\/p>\n<p>&nbsp;<\/p>\n<p>&nbsp;<\/p>\n<p>Teve in\u00edcio na \u00faltima semana, a primeira etapa de aplica\u00e7\u00e3o de testes r\u00e1pidos e gratuitos do novo coronav\u00edrus, em Lavras. O projeto foi idealizado por estudantes e professores do curso de medicina da Universidade Federal de Lavras (UFLA), em parceria com a Prefeitura Municipal.<\/p>\n<p>&nbsp;<\/p>\n<p>&nbsp;<\/p>\n<p>&nbsp;<\/p>\n<audio class=\"wp-audio-shortcode\" id=\"audio-32176-1\" preload=\"none\" style=\"width: 100%;\" controls=\"controls\"><source type=\"audio\/mpeg\" src=\"https:\/\/www.radio94fm.net\/site\/wp-content\/uploads\/2020\/06\/FPD-UFLA-TESTAGEM-CORONAVIRUS-03-06-20-Adelina.mp3?_=1\" \/><a href=\"https:\/\/www.radio94fm.net\/site\/wp-content\/uploads\/2020\/06\/FPD-UFLA-TESTAGEM-CORONAVIRUS-03-06-20-Adelina.mp3\">https:\/\/www.radio94fm.net\/site\/wp-content\/uploads\/2020\/06\/FPD-UFLA-TESTAGEM-CORONAVIRUS-03-06-20-Adelina.mp3<\/a><\/audio>\n<p>&nbsp;<\/p>\n<p>&nbsp;<\/p>\n<p>&nbsp;<\/p>\n<p><img decoding=\"async\" src=\"https:\/\/www.radio94fm.net\/site\/wp-content\/uploads\/2020\/02\/FIQUE-POR-DENTRO-2-BANNER.gif\"><\/p>\n<p><span style=\"font-size: 8pt;\">Foto: reprodu\u00e7\u00e3o\/banco de imagens<\/span><\/p>\n","protected":false},"excerpt":{"rendered":"<p>&nbsp; &nbsp; &nbsp; Teve in\u00edcio na \u00faltima semana, a primeira etapa de aplica\u00e7\u00e3o de testes r\u00e1pidos e gratuitos do novo coronav\u00edrus, em Lavras. O projeto foi idealizado por estudantes e professores do curso de medicina da Universidade Federal de Lavras (UFLA), em parceria com a Prefeitura Municipal. &nbsp; &nbsp; &nbsp; &nbsp; &nbsp; &nbsp; Foto: reprodu\u00e7\u00e3o\/banco&#8230;<\/p>\n","protected":false},"author":1,"featured_media":32178,"comment_status":"open","ping_status":"closed","sticky":false,"template":"","format":"standard","meta":{"ngg_post_thumbnail":0,"footnotes":""},"categories":[54],"tags":[],"class_list":["post-32176","post","type-post","status-publish","format-standard","has-post-thumbnail","hentry","category-fique-por-dentro","have-post-thumb"],"_links":{"self":[{"href":"https:\/\/radio94fm.net\/site\/wp-json\/wp\/v2\/posts\/32176","targetHints":{"allow":["GET"]}}],"collection":[{"href":"https:\/\/radio94fm.net\/site\/wp-json\/wp\/v2\/posts"}],"about":[{"href":"https:\/\/radio94fm.net\/site\/wp-json\/wp\/v2\/types\/post"}],"author":[{"embeddable":true,"href":"https:\/\/radio94fm.net\/site\/wp-json\/wp\/v2\/users\/1"}],"replies":[{"embeddable":true,"href":"https:\/\/radio94fm.net\/site\/wp-json\/wp\/v2\/comments?post=32176"}],"version-history":[{"count":0,"href":"https:\/\/radio94fm.net\/site\/wp-json\/wp\/v2\/posts\/32176\/revisions"}],"wp:attachment":[{"href":"https:\/\/radio94fm.net\/site\/wp-json\/wp\/v2\/media?parent=32176"}],"wp:term":[{"taxonomy":"category","embeddable":true,"href":"https:\/\/radio94fm.net\/site\/wp-json\/wp\/v2\/categories?post=32176"},{"taxonomy":"post_tag","embeddable":true,"href":"https:\/\/radio94fm.net\/site\/wp-json\/wp\/v2\/tags?post=32176"}],"curies":[{"name":"wp","href":"https:\/\/api.w.org\/{rel}","templated":true}]}}