{"id":32168,"date":"2020-06-22T15:10:58","date_gmt":"2020-06-22T18:10:58","guid":{"rendered":"http:\/\/www.radio94fm.net\/site\/?p=32168"},"modified":"2020-06-22T15:10:58","modified_gmt":"2020-06-22T18:10:58","slug":"dia-do-meio-ambiente-e-lembrado-com-blitz-educativa-em-lavras","status":"publish","type":"post","link":"https:\/\/radio94fm.net\/site\/dia-do-meio-ambiente-e-lembrado-com-blitz-educativa-em-lavras\/","title":{"rendered":"Dia do Meio Ambiente \u00e9 lembrado com blitz educativa em Lavras"},"content":{"rendered":"<p><img decoding=\"async\" src=\"https:\/\/www.radio94fm.net\/site\/wp-content\/uploads\/2020\/02\/FIQUE-POR-DENTRO-1.gif\"><\/p>\n<p>&nbsp;<\/p>\n<p>&nbsp;<\/p>\n<p>&nbsp;<\/p>\n<p><span style=\"font-weight: 400;\">Na \u00faltima sexta-feira, 05 de junho, em que foi lembrado o Dia Mundial do Meio Ambiente, a Pol\u00edcia Militar do Meio Ambiente de Lavras realizou duas blitze simult\u00e2neas na cidade com distribui\u00e7\u00e3o de panfletos educativos sobre o tema. Clique e confira a mat\u00e9ria:<\/span><\/p>\n<p>&nbsp;<\/p>\n<p>&nbsp;<\/p>\n<p>&nbsp;<\/p>\n<audio class=\"wp-audio-shortcode\" id=\"audio-32168-1\" preload=\"none\" style=\"width: 100%;\" controls=\"controls\"><source type=\"audio\/mpeg\" src=\"https:\/\/www.radio94fm.net\/site\/wp-content\/uploads\/2020\/06\/FPD-DIA-MUNDIAL-MEIO-AMBIENTE-08-06-20-Adelina.mp3?_=1\" \/><a href=\"https:\/\/www.radio94fm.net\/site\/wp-content\/uploads\/2020\/06\/FPD-DIA-MUNDIAL-MEIO-AMBIENTE-08-06-20-Adelina.mp3\">https:\/\/www.radio94fm.net\/site\/wp-content\/uploads\/2020\/06\/FPD-DIA-MUNDIAL-MEIO-AMBIENTE-08-06-20-Adelina.mp3<\/a><\/audio>\n<p>&nbsp;<\/p>\n<p>&nbsp;<\/p>\n<p>&nbsp;<\/p>\n<p>&nbsp;<\/p>\n<p><img loading=\"lazy\" decoding=\"async\" title=\"\" src=\"https:\/\/www.radio94fm.net\/site\/wp-content\/uploads\/2020\/02\/FIQUE-POR-DENTRO-2-BANNER.gif\" alt=\"\" width=\"604\" height=\"154\"><\/p>\n<p><span style=\"font-size: 8pt;\">Foto: Divulga\u00e7\u00e3o PMMA\/Lavras<\/span><\/p>\n<p>&nbsp;<\/p>\n<p>&nbsp;<\/p>\n<p><span style=\"font-weight: 400;\">&nbsp;<\/span><\/p>\n<p>&nbsp;<\/p>\n<p>&nbsp;<\/p>\n<p>&nbsp;<\/p>\n<p>&nbsp;<\/p>\n<p>&nbsp;<\/p>\n","protected":false},"excerpt":{"rendered":"<p>&nbsp; &nbsp; &nbsp; Na \u00faltima sexta-feira, 05 de junho, em que foi lembrado o Dia Mundial do Meio Ambiente, a Pol\u00edcia Militar do Meio Ambiente de Lavras realizou duas blitze simult\u00e2neas na cidade com distribui\u00e7\u00e3o de panfletos educativos sobre o tema. Clique e confira a mat\u00e9ria: &nbsp; &nbsp; &nbsp; &nbsp; &nbsp; &nbsp; &nbsp; Foto: Divulga\u00e7\u00e3o&#8230;<\/p>\n","protected":false},"author":1,"featured_media":32170,"comment_status":"open","ping_status":"closed","sticky":false,"template":"","format":"standard","meta":{"ngg_post_thumbnail":0,"footnotes":""},"categories":[54],"tags":[],"class_list":["post-32168","post","type-post","status-publish","format-standard","has-post-thumbnail","hentry","category-fique-por-dentro","have-post-thumb"],"_links":{"self":[{"href":"https:\/\/radio94fm.net\/site\/wp-json\/wp\/v2\/posts\/32168","targetHints":{"allow":["GET"]}}],"collection":[{"href":"https:\/\/radio94fm.net\/site\/wp-json\/wp\/v2\/posts"}],"about":[{"href":"https:\/\/radio94fm.net\/site\/wp-json\/wp\/v2\/types\/post"}],"author":[{"embeddable":true,"href":"https:\/\/radio94fm.net\/site\/wp-json\/wp\/v2\/users\/1"}],"replies":[{"embeddable":true,"href":"https:\/\/radio94fm.net\/site\/wp-json\/wp\/v2\/comments?post=32168"}],"version-history":[{"count":0,"href":"https:\/\/radio94fm.net\/site\/wp-json\/wp\/v2\/posts\/32168\/revisions"}],"wp:attachment":[{"href":"https:\/\/radio94fm.net\/site\/wp-json\/wp\/v2\/media?parent=32168"}],"wp:term":[{"taxonomy":"category","embeddable":true,"href":"https:\/\/radio94fm.net\/site\/wp-json\/wp\/v2\/categories?post=32168"},{"taxonomy":"post_tag","embeddable":true,"href":"https:\/\/radio94fm.net\/site\/wp-json\/wp\/v2\/tags?post=32168"}],"curies":[{"name":"wp","href":"https:\/\/api.w.org\/{rel}","templated":true}]}}