{"id":32148,"date":"2020-05-12T15:35:43","date_gmt":"2020-05-12T18:35:43","guid":{"rendered":"http:\/\/www.radio94fm.net\/site\/?p=32148"},"modified":"2020-05-12T15:35:43","modified_gmt":"2020-05-12T18:35:43","slug":"sexta-regiao-da-policia-militar-comemora-34-anos-de-instalacao-em-lavras","status":"publish","type":"post","link":"https:\/\/radio94fm.net\/site\/sexta-regiao-da-policia-militar-comemora-34-anos-de-instalacao-em-lavras\/","title":{"rendered":"Sexta Regi\u00e3o da Pol\u00edcia Militar comemora 34 anos de instala\u00e7\u00e3o em Lavras"},"content":{"rendered":"<p><img decoding=\"async\" src=\"https:\/\/www.radio94fm.net\/site\/wp-content\/uploads\/2020\/02\/FIQUE-POR-DENTRO-1.gif\"><\/p>\n<p>&nbsp;<\/p>\n<p>&nbsp;<\/p>\n<p>&nbsp;<\/p>\n<p><span style=\"font-weight: 400;\">Em 2020, a Sexta Regi\u00e3o da Pol\u00edcia Militar (RPM) comemora 34 anos de instala\u00e7\u00e3o na cidade de Lavras. A RPM corresponde ao Comando Geral da Pol\u00edcia Militar em 44 munic\u00edpios do Sul de Minas. Destacando al\u00e9m de Lavras, Varginha e Tr\u00eas Cora\u00e7\u00f5es.&nbsp; Clique e confira a mat\u00e9ria:<\/span><\/p>\n<p>&nbsp;<\/p>\n<p>&nbsp;<\/p>\n<p>&nbsp;<\/p>\n<audio class=\"wp-audio-shortcode\" id=\"audio-32148-1\" preload=\"none\" style=\"width: 100%;\" controls=\"controls\"><source type=\"audio\/mpeg\" src=\"https:\/\/www.radio94fm.net\/site\/wp-content\/uploads\/2020\/05\/FPD-6a-RPM-COMEMORA-34-ANOS-06-05-20-Adelina.mp3?_=1\" \/><a href=\"https:\/\/www.radio94fm.net\/site\/wp-content\/uploads\/2020\/05\/FPD-6a-RPM-COMEMORA-34-ANOS-06-05-20-Adelina.mp3\">https:\/\/www.radio94fm.net\/site\/wp-content\/uploads\/2020\/05\/FPD-6a-RPM-COMEMORA-34-ANOS-06-05-20-Adelina.mp3<\/a><\/audio>\n<p>&nbsp;<\/p>\n<p>&nbsp;<\/p>\n<p>&nbsp;<\/p>\n<p><img decoding=\"async\" src=\"https:\/\/www.radio94fm.net\/site\/wp-content\/uploads\/2020\/02\/FIQUE-POR-DENTRO-2-BANNER.gif\"><\/p>\n<p>&nbsp;<\/p>\n<p>&nbsp;<\/p>\n<p>&nbsp;<\/p>\n","protected":false},"excerpt":{"rendered":"<p>&nbsp; &nbsp; &nbsp; Em 2020, a Sexta Regi\u00e3o da Pol\u00edcia Militar (RPM) comemora 34 anos de instala\u00e7\u00e3o na cidade de Lavras. A RPM corresponde ao Comando Geral da Pol\u00edcia Militar em 44 munic\u00edpios do Sul de Minas. Destacando al\u00e9m de Lavras, Varginha e Tr\u00eas Cora\u00e7\u00f5es.&nbsp; Clique e confira a mat\u00e9ria: &nbsp; &nbsp; &nbsp; &nbsp; &nbsp;&#8230;<\/p>\n","protected":false},"author":1,"featured_media":32150,"comment_status":"open","ping_status":"closed","sticky":false,"template":"","format":"standard","meta":{"ngg_post_thumbnail":0,"footnotes":""},"categories":[54],"tags":[],"class_list":["post-32148","post","type-post","status-publish","format-standard","has-post-thumbnail","hentry","category-fique-por-dentro","have-post-thumb"],"_links":{"self":[{"href":"https:\/\/radio94fm.net\/site\/wp-json\/wp\/v2\/posts\/32148","targetHints":{"allow":["GET"]}}],"collection":[{"href":"https:\/\/radio94fm.net\/site\/wp-json\/wp\/v2\/posts"}],"about":[{"href":"https:\/\/radio94fm.net\/site\/wp-json\/wp\/v2\/types\/post"}],"author":[{"embeddable":true,"href":"https:\/\/radio94fm.net\/site\/wp-json\/wp\/v2\/users\/1"}],"replies":[{"embeddable":true,"href":"https:\/\/radio94fm.net\/site\/wp-json\/wp\/v2\/comments?post=32148"}],"version-history":[{"count":0,"href":"https:\/\/radio94fm.net\/site\/wp-json\/wp\/v2\/posts\/32148\/revisions"}],"wp:featuredmedia":[{"embeddable":true,"href":"https:\/\/radio94fm.net\/site\/wp-json\/"}],"wp:attachment":[{"href":"https:\/\/radio94fm.net\/site\/wp-json\/wp\/v2\/media?parent=32148"}],"wp:term":[{"taxonomy":"category","embeddable":true,"href":"https:\/\/radio94fm.net\/site\/wp-json\/wp\/v2\/categories?post=32148"},{"taxonomy":"post_tag","embeddable":true,"href":"https:\/\/radio94fm.net\/site\/wp-json\/wp\/v2\/tags?post=32148"}],"curies":[{"name":"wp","href":"https:\/\/api.w.org\/{rel}","templated":true}]}}