{"id":32136,"date":"2020-05-12T15:25:02","date_gmt":"2020-05-12T18:25:02","guid":{"rendered":"http:\/\/www.radio94fm.net\/site\/?p=32136"},"modified":"2020-05-12T15:25:02","modified_gmt":"2020-05-12T18:25:02","slug":"obstetra-orienta-sobre-cuidados-com-gestantes-durante-pandemia-de-coronavirus","status":"publish","type":"post","link":"https:\/\/radio94fm.net\/site\/obstetra-orienta-sobre-cuidados-com-gestantes-durante-pandemia-de-coronavirus\/","title":{"rendered":"Obstetra orienta sobre cuidados com gestantes durante pandemia de coronav\u00edrus"},"content":{"rendered":"<p><img decoding=\"async\" src=\"https:\/\/www.radio94fm.net\/site\/wp-content\/uploads\/2020\/02\/FIQUE-POR-DENTRO-1.gif\"><\/p>\n<p>&nbsp;<\/p>\n<p>&nbsp;<\/p>\n<p><span style=\"font-weight: 400;\">No dia 26 de fevereiro, o Brasil teve o primeiro caso de coronav\u00edrus confirmado. Desde ent\u00e3o, os n\u00fameros n\u00e3o param de crescer, o que tem levado institui\u00e7\u00f5es da sa\u00fade a reunirem informa\u00e7\u00f5es importantes sobre as precau\u00e7\u00f5es necess\u00e1rias de acordo com os diferentes grupos populacionais, como as gr\u00e1vidas. Clique e confira a mat\u00e9ria:<\/span><\/p>\n<p>&nbsp;<\/p>\n<p>&nbsp;<\/p>\n<p>&nbsp;<\/p>\n<audio class=\"wp-audio-shortcode\" id=\"audio-32136-1\" preload=\"none\" style=\"width: 100%;\" controls=\"controls\"><source type=\"audio\/mpeg\" src=\"https:\/\/www.radio94fm.net\/site\/wp-content\/uploads\/2020\/05\/FPD-CUIDADOS-COM-GESTANTES-DURANTE-PANDEMIA-29-04-20-Adelina.mp3?_=1\" \/><a href=\"https:\/\/www.radio94fm.net\/site\/wp-content\/uploads\/2020\/05\/FPD-CUIDADOS-COM-GESTANTES-DURANTE-PANDEMIA-29-04-20-Adelina.mp3\">https:\/\/www.radio94fm.net\/site\/wp-content\/uploads\/2020\/05\/FPD-CUIDADOS-COM-GESTANTES-DURANTE-PANDEMIA-29-04-20-Adelina.mp3<\/a><\/audio>\n<p>&nbsp;<\/p>\n<p>&nbsp;<\/p>\n<p>&nbsp;<\/p>\n<p>&nbsp;<\/p>\n<p><img decoding=\"async\" src=\"https:\/\/www.radio94fm.net\/site\/wp-content\/uploads\/2020\/02\/FIQUE-POR-DENTRO-2-BANNER.gif\"><\/p>\n","protected":false},"excerpt":{"rendered":"<p>&nbsp; &nbsp; No dia 26 de fevereiro, o Brasil teve o primeiro caso de coronav\u00edrus confirmado. Desde ent\u00e3o, os n\u00fameros n\u00e3o param de crescer, o que tem levado institui\u00e7\u00f5es da sa\u00fade a reunirem informa\u00e7\u00f5es importantes sobre as precau\u00e7\u00f5es necess\u00e1rias de acordo com os diferentes grupos populacionais, como as gr\u00e1vidas. Clique e confira a mat\u00e9ria: &nbsp;&#8230;<\/p>\n","protected":false},"author":1,"featured_media":32138,"comment_status":"open","ping_status":"closed","sticky":false,"template":"","format":"standard","meta":{"ngg_post_thumbnail":0,"footnotes":""},"categories":[54],"tags":[],"class_list":["post-32136","post","type-post","status-publish","format-standard","has-post-thumbnail","hentry","category-fique-por-dentro","have-post-thumb"],"_links":{"self":[{"href":"https:\/\/radio94fm.net\/site\/wp-json\/wp\/v2\/posts\/32136","targetHints":{"allow":["GET"]}}],"collection":[{"href":"https:\/\/radio94fm.net\/site\/wp-json\/wp\/v2\/posts"}],"about":[{"href":"https:\/\/radio94fm.net\/site\/wp-json\/wp\/v2\/types\/post"}],"author":[{"embeddable":true,"href":"https:\/\/radio94fm.net\/site\/wp-json\/wp\/v2\/users\/1"}],"replies":[{"embeddable":true,"href":"https:\/\/radio94fm.net\/site\/wp-json\/wp\/v2\/comments?post=32136"}],"version-history":[{"count":0,"href":"https:\/\/radio94fm.net\/site\/wp-json\/wp\/v2\/posts\/32136\/revisions"}],"wp:attachment":[{"href":"https:\/\/radio94fm.net\/site\/wp-json\/wp\/v2\/media?parent=32136"}],"wp:term":[{"taxonomy":"category","embeddable":true,"href":"https:\/\/radio94fm.net\/site\/wp-json\/wp\/v2\/categories?post=32136"},{"taxonomy":"post_tag","embeddable":true,"href":"https:\/\/radio94fm.net\/site\/wp-json\/wp\/v2\/tags?post=32136"}],"curies":[{"name":"wp","href":"https:\/\/api.w.org\/{rel}","templated":true}]}}