{"id":32116,"date":"2020-04-27T00:21:22","date_gmt":"2020-04-27T03:21:22","guid":{"rendered":"http:\/\/www.radio94fm.net\/site\/?p=32116"},"modified":"2020-04-27T00:21:22","modified_gmt":"2020-04-27T03:21:22","slug":"grupo-arrecada-doacoes-e-distribui-cestas-basicas-em-lavras","status":"publish","type":"post","link":"https:\/\/radio94fm.net\/site\/grupo-arrecada-doacoes-e-distribui-cestas-basicas-em-lavras\/","title":{"rendered":"Grupo arrecada doa\u00e7\u00f5es e distribui cestas b\u00e1sicas em Lavras"},"content":{"rendered":"<p><img decoding=\"async\" src=\"https:\/\/www.radio94fm.net\/site\/wp-content\/uploads\/2020\/02\/FIQUE-POR-DENTRO-1.gif\"><\/p>\n<p>&nbsp;<\/p>\n<p>&nbsp;<\/p>\n<p><span style=\"font-weight: 400;\">Movido pela solidariedade, um grupo de lavrenses se uniu para arrecadar doa\u00e7\u00f5es, que v\u00e3o ajudar as pessoas em estado de vulnerabilidade e institui\u00e7\u00f5es filantr\u00f3picas, durante a pandemia do novo coronav\u00edrus. Clique e confira a mat\u00e9ria:<\/span><\/p>\n<p>&nbsp;<\/p>\n<p>&nbsp;<\/p>\n<audio class=\"wp-audio-shortcode\" id=\"audio-32116-1\" preload=\"none\" style=\"width: 100%;\" controls=\"controls\"><source type=\"audio\/mpeg\" src=\"https:\/\/www.radio94fm.net\/site\/wp-content\/uploads\/2020\/04\/FPD-GRUPO-ARRECADA-DOACOES-22-04-20-Adelina.mp3?_=1\" \/><a href=\"https:\/\/www.radio94fm.net\/site\/wp-content\/uploads\/2020\/04\/FPD-GRUPO-ARRECADA-DOACOES-22-04-20-Adelina.mp3\">https:\/\/www.radio94fm.net\/site\/wp-content\/uploads\/2020\/04\/FPD-GRUPO-ARRECADA-DOACOES-22-04-20-Adelina.mp3<\/a><\/audio>\n<p>&nbsp;<\/p>\n<p>&nbsp;<\/p>\n<p>&nbsp;<\/p>\n<p>&nbsp;<\/p>\n<p><img loading=\"lazy\" decoding=\"async\" title=\"\" src=\"https:\/\/www.radio94fm.net\/site\/wp-content\/uploads\/2020\/02\/FIQUE-POR-DENTRO-2-BANNER.gif\" alt=\"\" width=\"604\" height=\"154\"><\/p>\n","protected":false},"excerpt":{"rendered":"<p>&nbsp; &nbsp; Movido pela solidariedade, um grupo de lavrenses se uniu para arrecadar doa\u00e7\u00f5es, que v\u00e3o ajudar as pessoas em estado de vulnerabilidade e institui\u00e7\u00f5es filantr\u00f3picas, durante a pandemia do novo coronav\u00edrus. Clique e confira a mat\u00e9ria: &nbsp; &nbsp; &nbsp; &nbsp; &nbsp; &nbsp;<\/p>\n","protected":false},"author":1,"featured_media":32118,"comment_status":"open","ping_status":"closed","sticky":false,"template":"","format":"standard","meta":{"ngg_post_thumbnail":0,"footnotes":""},"categories":[54],"tags":[],"class_list":["post-32116","post","type-post","status-publish","format-standard","has-post-thumbnail","hentry","category-fique-por-dentro","have-post-thumb"],"_links":{"self":[{"href":"https:\/\/radio94fm.net\/site\/wp-json\/wp\/v2\/posts\/32116","targetHints":{"allow":["GET"]}}],"collection":[{"href":"https:\/\/radio94fm.net\/site\/wp-json\/wp\/v2\/posts"}],"about":[{"href":"https:\/\/radio94fm.net\/site\/wp-json\/wp\/v2\/types\/post"}],"author":[{"embeddable":true,"href":"https:\/\/radio94fm.net\/site\/wp-json\/wp\/v2\/users\/1"}],"replies":[{"embeddable":true,"href":"https:\/\/radio94fm.net\/site\/wp-json\/wp\/v2\/comments?post=32116"}],"version-history":[{"count":0,"href":"https:\/\/radio94fm.net\/site\/wp-json\/wp\/v2\/posts\/32116\/revisions"}],"wp:attachment":[{"href":"https:\/\/radio94fm.net\/site\/wp-json\/wp\/v2\/media?parent=32116"}],"wp:term":[{"taxonomy":"category","embeddable":true,"href":"https:\/\/radio94fm.net\/site\/wp-json\/wp\/v2\/categories?post=32116"},{"taxonomy":"post_tag","embeddable":true,"href":"https:\/\/radio94fm.net\/site\/wp-json\/wp\/v2\/tags?post=32116"}],"curies":[{"name":"wp","href":"https:\/\/api.w.org\/{rel}","templated":true}]}}