{"id":32096,"date":"2020-04-23T14:41:29","date_gmt":"2020-04-23T17:41:29","guid":{"rendered":"http:\/\/www.radio94fm.net\/site\/?p=32096"},"modified":"2020-04-23T14:41:29","modified_gmt":"2020-04-23T17:41:29","slug":"unilavras-ira-produzir-e-doar-200-mascaras-de-protecao-para-profissionais-da-saude","status":"publish","type":"post","link":"https:\/\/radio94fm.net\/site\/unilavras-ira-produzir-e-doar-200-mascaras-de-protecao-para-profissionais-da-saude\/","title":{"rendered":"Unilavras ir\u00e1 produzir e doar 200 m\u00e1scaras de prote\u00e7\u00e3o para profissionais da sa\u00fade"},"content":{"rendered":"<p><img decoding=\"async\" src=\"https:\/\/www.radio94fm.net\/site\/wp-content\/uploads\/2020\/02\/FIQUE-POR-DENTRO-1.gif\"><\/p>\n<p>&nbsp;<\/p>\n<p>&nbsp;<\/p>\n<p><span style=\"font-weight: 400;\">Com objetivo de apoiar e ajudar profissionais de sa\u00fade no trabalho contra o coronav\u00edrus, institui\u00e7\u00f5es de ensino do Sul de Minas t\u00eam investido na produ\u00e7\u00e3o de equipamentos que ser\u00e3o doados \u00e0s equipes de sa\u00fade da regi\u00e3o.&nbsp; Clique e confira a mat\u00e9ria:<\/span><\/p>\n<p>&nbsp;<\/p>\n<p>&nbsp;<\/p>\n<p>]<\/p>\n<audio class=\"wp-audio-shortcode\" id=\"audio-32096-1\" preload=\"none\" style=\"width: 100%;\" controls=\"controls\"><source type=\"audio\/mpeg\" src=\"https:\/\/www.radio94fm.net\/site\/wp-content\/uploads\/2020\/04\/FPD-UNILAVRAS-PRODUZ-MASCARAS-01-04-20-Adelina.mp3?_=1\" \/><a href=\"https:\/\/www.radio94fm.net\/site\/wp-content\/uploads\/2020\/04\/FPD-UNILAVRAS-PRODUZ-MASCARAS-01-04-20-Adelina.mp3\">https:\/\/www.radio94fm.net\/site\/wp-content\/uploads\/2020\/04\/FPD-UNILAVRAS-PRODUZ-MASCARAS-01-04-20-Adelina.mp3<\/a><\/audio>\n<p>&nbsp;<\/p>\n<p>&nbsp;<\/p>\n<p><img decoding=\"async\" src=\"https:\/\/www.radio94fm.net\/site\/wp-content\/uploads\/2020\/02\/FIQUE-POR-DENTRO-2-BANNER.gif\"><\/p>\n","protected":false},"excerpt":{"rendered":"<p>&nbsp; &nbsp; Com objetivo de apoiar e ajudar profissionais de sa\u00fade no trabalho contra o coronav\u00edrus, institui\u00e7\u00f5es de ensino do Sul de Minas t\u00eam investido na produ\u00e7\u00e3o de equipamentos que ser\u00e3o doados \u00e0s equipes de sa\u00fade da regi\u00e3o.&nbsp; Clique e confira a mat\u00e9ria: &nbsp; &nbsp; ] &nbsp; &nbsp;<\/p>\n","protected":false},"author":1,"featured_media":32098,"comment_status":"open","ping_status":"closed","sticky":false,"template":"","format":"standard","meta":{"ngg_post_thumbnail":0,"footnotes":""},"categories":[54],"tags":[],"class_list":["post-32096","post","type-post","status-publish","format-standard","has-post-thumbnail","hentry","category-fique-por-dentro","have-post-thumb"],"_links":{"self":[{"href":"https:\/\/radio94fm.net\/site\/wp-json\/wp\/v2\/posts\/32096","targetHints":{"allow":["GET"]}}],"collection":[{"href":"https:\/\/radio94fm.net\/site\/wp-json\/wp\/v2\/posts"}],"about":[{"href":"https:\/\/radio94fm.net\/site\/wp-json\/wp\/v2\/types\/post"}],"author":[{"embeddable":true,"href":"https:\/\/radio94fm.net\/site\/wp-json\/wp\/v2\/users\/1"}],"replies":[{"embeddable":true,"href":"https:\/\/radio94fm.net\/site\/wp-json\/wp\/v2\/comments?post=32096"}],"version-history":[{"count":0,"href":"https:\/\/radio94fm.net\/site\/wp-json\/wp\/v2\/posts\/32096\/revisions"}],"wp:attachment":[{"href":"https:\/\/radio94fm.net\/site\/wp-json\/wp\/v2\/media?parent=32096"}],"wp:term":[{"taxonomy":"category","embeddable":true,"href":"https:\/\/radio94fm.net\/site\/wp-json\/wp\/v2\/categories?post=32096"},{"taxonomy":"post_tag","embeddable":true,"href":"https:\/\/radio94fm.net\/site\/wp-json\/wp\/v2\/tags?post=32096"}],"curies":[{"name":"wp","href":"https:\/\/api.w.org\/{rel}","templated":true}]}}