{"id":32091,"date":"2020-04-14T19:10:08","date_gmt":"2020-04-14T22:10:08","guid":{"rendered":"http:\/\/www.radio94fm.net\/site\/?p=32091"},"modified":"2020-04-14T19:10:08","modified_gmt":"2020-04-14T22:10:08","slug":"quarentena-acende-alerta-para-aumento-de-casos-de-violencia-domestica","status":"publish","type":"post","link":"https:\/\/radio94fm.net\/site\/quarentena-acende-alerta-para-aumento-de-casos-de-violencia-domestica\/","title":{"rendered":"Quarentena acende alerta para aumento de casos de viol\u00eancia dom\u00e9stica"},"content":{"rendered":"<p><img decoding=\"async\" src=\"https:\/\/www.radio94fm.net\/site\/wp-content\/uploads\/2020\/02\/FIQUE-POR-DENTRO-1.gif\"><\/p>\n<p>&nbsp;<\/p>\n<p><span style=\"font-weight: 400;\">Em tempos de isolamento social para enfrentar a pandemia de coronav\u00edrus, as mulheres v\u00edtimas de viol\u00eancia dom\u00e9stica t\u00eam sofrido ainda mais dentro das quatro paredes.&nbsp;<\/span>Dados do disque-den\u00fancia do Minist\u00e9rio da Mulher, da Fam\u00edlia e dos Direitos Humanos apontam uma alta de 8,5% nas queixas recebidas pelo telefone na segunda semana de mar\u00e7o em compara\u00e7\u00e3o com os sete dias anteriores.<\/p>\n<p>&nbsp;<\/p>\n<p>Clique e confira a mat\u00e9ria:<\/p>\n<p>&nbsp;<\/p>\n<p>&nbsp;<\/p>\n<audio class=\"wp-audio-shortcode\" id=\"audio-32091-1\" preload=\"none\" style=\"width: 100%;\" controls=\"controls\"><source type=\"audio\/mpeg\" src=\"https:\/\/www.radio94fm.net\/site\/wp-content\/uploads\/2020\/04\/FPD-CASOS-DE-VIOLENCIA-NA-QUARENTENA-08-04-20-Adelina.mp3?_=1\" \/><a href=\"https:\/\/www.radio94fm.net\/site\/wp-content\/uploads\/2020\/04\/FPD-CASOS-DE-VIOLENCIA-NA-QUARENTENA-08-04-20-Adelina.mp3\">https:\/\/www.radio94fm.net\/site\/wp-content\/uploads\/2020\/04\/FPD-CASOS-DE-VIOLENCIA-NA-QUARENTENA-08-04-20-Adelina.mp3<\/a><\/audio>\n<p>&nbsp;<\/p>\n<p>&nbsp;<\/p>\n<p>&nbsp;<\/p>\n<p>&nbsp;<\/p>\n<p><img loading=\"lazy\" decoding=\"async\" title=\"\" src=\"https:\/\/www.radio94fm.net\/site\/wp-content\/uploads\/2020\/02\/FIQUE-POR-DENTRO-2-BANNER.gif\" alt=\"\" width=\"604\" height=\"154\"><\/p>\n","protected":false},"excerpt":{"rendered":"<p>&nbsp; Em tempos de isolamento social para enfrentar a pandemia de coronav\u00edrus, as mulheres v\u00edtimas de viol\u00eancia dom\u00e9stica t\u00eam sofrido ainda mais dentro das quatro paredes.&nbsp;Dados do disque-den\u00fancia do Minist\u00e9rio da Mulher, da Fam\u00edlia e dos Direitos Humanos apontam uma alta de 8,5% nas queixas recebidas pelo telefone na segunda semana de mar\u00e7o em compara\u00e7\u00e3o&#8230;<\/p>\n","protected":false},"author":1,"featured_media":32093,"comment_status":"open","ping_status":"closed","sticky":false,"template":"","format":"standard","meta":{"ngg_post_thumbnail":0,"footnotes":""},"categories":[54],"tags":[],"class_list":["post-32091","post","type-post","status-publish","format-standard","has-post-thumbnail","hentry","category-fique-por-dentro","have-post-thumb"],"_links":{"self":[{"href":"https:\/\/radio94fm.net\/site\/wp-json\/wp\/v2\/posts\/32091","targetHints":{"allow":["GET"]}}],"collection":[{"href":"https:\/\/radio94fm.net\/site\/wp-json\/wp\/v2\/posts"}],"about":[{"href":"https:\/\/radio94fm.net\/site\/wp-json\/wp\/v2\/types\/post"}],"author":[{"embeddable":true,"href":"https:\/\/radio94fm.net\/site\/wp-json\/wp\/v2\/users\/1"}],"replies":[{"embeddable":true,"href":"https:\/\/radio94fm.net\/site\/wp-json\/wp\/v2\/comments?post=32091"}],"version-history":[{"count":0,"href":"https:\/\/radio94fm.net\/site\/wp-json\/wp\/v2\/posts\/32091\/revisions"}],"wp:attachment":[{"href":"https:\/\/radio94fm.net\/site\/wp-json\/wp\/v2\/media?parent=32091"}],"wp:term":[{"taxonomy":"category","embeddable":true,"href":"https:\/\/radio94fm.net\/site\/wp-json\/wp\/v2\/categories?post=32091"},{"taxonomy":"post_tag","embeddable":true,"href":"https:\/\/radio94fm.net\/site\/wp-json\/wp\/v2\/tags?post=32091"}],"curies":[{"name":"wp","href":"https:\/\/api.w.org\/{rel}","templated":true}]}}