{"id":31998,"date":"2020-02-06T16:31:57","date_gmt":"2020-02-06T19:31:57","guid":{"rendered":"http:\/\/www.radio94fm.net\/site\/?p=31998"},"modified":"2020-02-06T16:31:57","modified_gmt":"2020-02-06T19:31:57","slug":"especialistas-dao-dicas-e-alertam-pais-sobre-a-relacao-entre-criancas-e-tecnologia","status":"publish","type":"post","link":"https:\/\/radio94fm.net\/site\/especialistas-dao-dicas-e-alertam-pais-sobre-a-relacao-entre-criancas-e-tecnologia\/","title":{"rendered":"Especialistas d\u00e3o dicas e alertam pais sobre a rela\u00e7\u00e3o entre crian\u00e7as e tecnologia"},"content":{"rendered":"<p><img decoding=\"async\" src=\"http:\/\/radio94fm.net\/site\/wp-content\/uploads\/2016\/12\/FIQUE-POR-DENTRO-BANNER-DENTRO-2.gif\"><\/p>\n<p>&nbsp;<\/p>\n<p>&nbsp;<\/p>\n<p>&nbsp;<\/p>\n<p><span style=\"font-weight: 400;\">Quem nasceu a partir do ano de 1992 faz parte da gera\u00e7\u00e3o Z. Essas crian\u00e7as n\u00e3o conheceram o mundo sem as facilidades da internet, tablets, smartphones e tudo o que a tecnologia trouxe para a sociedade. Clique e confira a mat\u00e9ria:<\/span><\/p>\n<p>&nbsp;<\/p>\n<p>&nbsp;<\/p>\n<p>&nbsp;<\/p>\n<audio class=\"wp-audio-shortcode\" id=\"audio-31998-1\" preload=\"none\" style=\"width: 100%;\" controls=\"controls\"><source type=\"audio\/mpeg\" src=\"https:\/\/www.radio94fm.net\/site\/wp-content\/uploads\/2020\/02\/FPD-ESPECIALISTAS-FALAM-SOBRE-CRIANCA-E-TECNOLOGIA-31-01-20-Adelina.mp3?_=1\" \/><a href=\"https:\/\/www.radio94fm.net\/site\/wp-content\/uploads\/2020\/02\/FPD-ESPECIALISTAS-FALAM-SOBRE-CRIANCA-E-TECNOLOGIA-31-01-20-Adelina.mp3\">https:\/\/www.radio94fm.net\/site\/wp-content\/uploads\/2020\/02\/FPD-ESPECIALISTAS-FALAM-SOBRE-CRIANCA-E-TECNOLOGIA-31-01-20-Adelina.mp3<\/a><\/audio>\n<p>&nbsp;<\/p>\n<p>&nbsp;<\/p>\n<p>&nbsp;<\/p>\n<p>&nbsp;<\/p>\n<p><img loading=\"lazy\" decoding=\"async\" title=\"\" src=\"http:\/\/radio94fm.net\/site\/wp-content\/uploads\/2017\/05\/FIQUE-POR-DENTRO-HORARIO-6-1.gif\" alt=\"\" width=\"604\" height=\"144\"><\/p>\n","protected":false},"excerpt":{"rendered":"<p>&nbsp; &nbsp; &nbsp; Quem nasceu a partir do ano de 1992 faz parte da gera\u00e7\u00e3o Z. Essas crian\u00e7as n\u00e3o conheceram o mundo sem as facilidades da internet, tablets, smartphones e tudo o que a tecnologia trouxe para a sociedade. Clique e confira a mat\u00e9ria: &nbsp; &nbsp; &nbsp; &nbsp; &nbsp; &nbsp; &nbsp;<\/p>\n","protected":false},"author":1,"featured_media":32000,"comment_status":"open","ping_status":"closed","sticky":false,"template":"","format":"standard","meta":{"ngg_post_thumbnail":0,"footnotes":""},"categories":[54],"tags":[],"class_list":["post-31998","post","type-post","status-publish","format-standard","has-post-thumbnail","hentry","category-fique-por-dentro","have-post-thumb"],"_links":{"self":[{"href":"https:\/\/radio94fm.net\/site\/wp-json\/wp\/v2\/posts\/31998","targetHints":{"allow":["GET"]}}],"collection":[{"href":"https:\/\/radio94fm.net\/site\/wp-json\/wp\/v2\/posts"}],"about":[{"href":"https:\/\/radio94fm.net\/site\/wp-json\/wp\/v2\/types\/post"}],"author":[{"embeddable":true,"href":"https:\/\/radio94fm.net\/site\/wp-json\/wp\/v2\/users\/1"}],"replies":[{"embeddable":true,"href":"https:\/\/radio94fm.net\/site\/wp-json\/wp\/v2\/comments?post=31998"}],"version-history":[{"count":0,"href":"https:\/\/radio94fm.net\/site\/wp-json\/wp\/v2\/posts\/31998\/revisions"}],"wp:attachment":[{"href":"https:\/\/radio94fm.net\/site\/wp-json\/wp\/v2\/media?parent=31998"}],"wp:term":[{"taxonomy":"category","embeddable":true,"href":"https:\/\/radio94fm.net\/site\/wp-json\/wp\/v2\/categories?post=31998"},{"taxonomy":"post_tag","embeddable":true,"href":"https:\/\/radio94fm.net\/site\/wp-json\/wp\/v2\/tags?post=31998"}],"curies":[{"name":"wp","href":"https:\/\/api.w.org\/{rel}","templated":true}]}}