{"id":31932,"date":"2020-01-31T15:24:11","date_gmt":"2020-01-31T18:24:11","guid":{"rendered":"http:\/\/www.radio94fm.net\/site\/?p=31932"},"modified":"2020-01-31T15:24:11","modified_gmt":"2020-01-31T18:24:11","slug":"anitta-e-confirmada-na-edicao-do-rock-in-rio-lisboa-2020","status":"publish","type":"post","link":"https:\/\/radio94fm.net\/site\/anitta-e-confirmada-na-edicao-do-rock-in-rio-lisboa-2020\/","title":{"rendered":"Anitta \u00e9 confirmada na edi\u00e7\u00e3o do Rock in Rio Lisboa 2020"},"content":{"rendered":"<p>O Brasil tamb\u00e9m vai tomando seu espa\u00e7o na edi\u00e7\u00e3o 2020 do Rock in Rio Lisboa.<\/p>\n<p>Portanto, depois de Ivete Sangalo, que cantou em todas as edi\u00e7\u00f5es lusitanas do festival, agora \u00e9 a vez de Anitta ser confirmada como atra\u00e7\u00e3o do Rock in Rio Lisboa.<\/p>\n<p>Sendo assim, A cantora carioca subir\u00e1 ao Palco Mundo do Rock in Rio Lisboa no dia 28 de junho, mesmo dia de Post Malone.<\/p>\n<p>Essa, por\u00e9m, \u00e9 a segunda vez que Anitta faz show no Palco Mundo do Rock in Ri Lisboa.<\/p>\n<p>A estreia da cantora foi na edi\u00e7\u00e3o de 2018, quando ela homenageou Carmem Miranda, cantora portuguesa de nascimento e que levou a m\u00fasica brasileira aos quatro cantos do mundo entre as d\u00e9cadas de 1930 e 1950.<\/p>\n","protected":false},"excerpt":{"rendered":"<p>O Brasil tamb\u00e9m vai tomando seu espa\u00e7o na edi\u00e7\u00e3o 2020 do Rock in Rio Lisboa. Portanto, depois de Ivete Sangalo, que cantou em todas as edi\u00e7\u00f5es lusitanas do festival, agora \u00e9 a vez de Anitta ser confirmada como atra\u00e7\u00e3o do Rock in Rio Lisboa. Sendo assim, A cantora carioca subir\u00e1 ao Palco Mundo do Rock&#8230;<\/p>\n","protected":false},"author":1,"featured_media":31933,"comment_status":"open","ping_status":"closed","sticky":false,"template":"","format":"standard","meta":{"ngg_post_thumbnail":0,"footnotes":""},"categories":[60],"tags":[],"class_list":["post-31932","post","type-post","status-publish","format-standard","has-post-thumbnail","hentry","category-na-musica","have-post-thumb"],"_links":{"self":[{"href":"https:\/\/radio94fm.net\/site\/wp-json\/wp\/v2\/posts\/31932","targetHints":{"allow":["GET"]}}],"collection":[{"href":"https:\/\/radio94fm.net\/site\/wp-json\/wp\/v2\/posts"}],"about":[{"href":"https:\/\/radio94fm.net\/site\/wp-json\/wp\/v2\/types\/post"}],"author":[{"embeddable":true,"href":"https:\/\/radio94fm.net\/site\/wp-json\/wp\/v2\/users\/1"}],"replies":[{"embeddable":true,"href":"https:\/\/radio94fm.net\/site\/wp-json\/wp\/v2\/comments?post=31932"}],"version-history":[{"count":0,"href":"https:\/\/radio94fm.net\/site\/wp-json\/wp\/v2\/posts\/31932\/revisions"}],"wp:featuredmedia":[{"embeddable":true,"href":"https:\/\/radio94fm.net\/site\/wp-json\/"}],"wp:attachment":[{"href":"https:\/\/radio94fm.net\/site\/wp-json\/wp\/v2\/media?parent=31932"}],"wp:term":[{"taxonomy":"category","embeddable":true,"href":"https:\/\/radio94fm.net\/site\/wp-json\/wp\/v2\/categories?post=31932"},{"taxonomy":"post_tag","embeddable":true,"href":"https:\/\/radio94fm.net\/site\/wp-json\/wp\/v2\/tags?post=31932"}],"curies":[{"name":"wp","href":"https:\/\/api.w.org\/{rel}","templated":true}]}}