{"id":31922,"date":"2020-01-31T15:19:31","date_gmt":"2020-01-31T18:19:31","guid":{"rendered":"http:\/\/www.radio94fm.net\/site\/?p=31922"},"modified":"2020-01-31T15:19:31","modified_gmt":"2020-01-31T18:19:31","slug":"marilia-mendonca-faz-tatuagem-em-homenagem-ao-filho","status":"publish","type":"post","link":"https:\/\/radio94fm.net\/site\/marilia-mendonca-faz-tatuagem-em-homenagem-ao-filho\/","title":{"rendered":"Mar\u00edlia Mendon\u00e7a faz tatuagem em homenagem ao filho"},"content":{"rendered":"<p>No \u00faltimo dia 30,&nbsp;<strong>Mar\u00edlia Mendon\u00e7a<\/strong>&nbsp;usou seu Instagram para mostrar suas primeiras tatuagens.<\/p>\n<p>A cantora fez duas, uma com o nome do filho,&nbsp;<strong>L\u00e9o<\/strong>, e outra do s\u00edmbolo da sua turn\u00ea,&nbsp;<em>Todos Os Cantos<\/em>, com algumas altera\u00e7\u00f5es<em>.<\/em><\/p>\n<p>Portanto, a homenagem para o pequeno de um m\u00eas, &nbsp;foi feita nos dedos da m\u00e3o, trocando o acento de L\u00e9o por um cora\u00e7\u00e3o.<\/p>\n<p>Por\u00e9m, a outra, mostra um cora\u00e7\u00e3o partido, uma coroa, um microfone e uma mamadeira, separados por flechas cruzadas.<\/p>\n<p><em>\u201cDuas de primeira. Com muito significado. #l\u00e9o #todososcantos\u201d<\/em>, escreveu a rainha da sofr\u00eancia.<\/p>\n<p>A mam\u00e3e coruja sempre compartilham momentos com L\u00e9o e os seguidores elogiam muito.<\/p>\n<p>&nbsp;<\/p>\n","protected":false},"excerpt":{"rendered":"<p>No \u00faltimo dia 30,&nbsp;Mar\u00edlia Mendon\u00e7a&nbsp;usou seu Instagram para mostrar suas primeiras tatuagens. A cantora fez duas, uma com o nome do filho,&nbsp;L\u00e9o, e outra do s\u00edmbolo da sua turn\u00ea,&nbsp;Todos Os Cantos, com algumas altera\u00e7\u00f5es. Portanto, a homenagem para o pequeno de um m\u00eas, &nbsp;foi feita nos dedos da m\u00e3o, trocando o acento de L\u00e9o por&#8230;<\/p>\n","protected":false},"author":1,"featured_media":31924,"comment_status":"open","ping_status":"closed","sticky":false,"template":"","format":"standard","meta":{"ngg_post_thumbnail":0,"footnotes":""},"categories":[60],"tags":[],"class_list":["post-31922","post","type-post","status-publish","format-standard","has-post-thumbnail","hentry","category-na-musica","have-post-thumb"],"_links":{"self":[{"href":"https:\/\/radio94fm.net\/site\/wp-json\/wp\/v2\/posts\/31922","targetHints":{"allow":["GET"]}}],"collection":[{"href":"https:\/\/radio94fm.net\/site\/wp-json\/wp\/v2\/posts"}],"about":[{"href":"https:\/\/radio94fm.net\/site\/wp-json\/wp\/v2\/types\/post"}],"author":[{"embeddable":true,"href":"https:\/\/radio94fm.net\/site\/wp-json\/wp\/v2\/users\/1"}],"replies":[{"embeddable":true,"href":"https:\/\/radio94fm.net\/site\/wp-json\/wp\/v2\/comments?post=31922"}],"version-history":[{"count":0,"href":"https:\/\/radio94fm.net\/site\/wp-json\/wp\/v2\/posts\/31922\/revisions"}],"wp:featuredmedia":[{"embeddable":true,"href":"https:\/\/radio94fm.net\/site\/wp-json\/"}],"wp:attachment":[{"href":"https:\/\/radio94fm.net\/site\/wp-json\/wp\/v2\/media?parent=31922"}],"wp:term":[{"taxonomy":"category","embeddable":true,"href":"https:\/\/radio94fm.net\/site\/wp-json\/wp\/v2\/categories?post=31922"},{"taxonomy":"post_tag","embeddable":true,"href":"https:\/\/radio94fm.net\/site\/wp-json\/wp\/v2\/tags?post=31922"}],"curies":[{"name":"wp","href":"https:\/\/api.w.org\/{rel}","templated":true}]}}