{"id":31902,"date":"2020-01-29T16:46:16","date_gmt":"2020-01-29T19:46:16","guid":{"rendered":"http:\/\/www.radio94fm.net\/site\/?p=31902"},"modified":"2020-01-29T16:46:16","modified_gmt":"2020-01-29T19:46:16","slug":"31902-2","status":"publish","type":"post","link":"https:\/\/radio94fm.net\/site\/31902-2\/","title":{"rendered":"Empresa promove inclus\u00e3o e acesso a servi\u00e7os de sa\u00fade com baixo custo em Lavras"},"content":{"rendered":"<p><img decoding=\"async\" src=\"http:\/\/radio94fm.net\/site\/wp-content\/uploads\/2016\/12\/FIQUE-POR-DENTRO-BANNER-DENTRO-2.gif\"><\/p>\n<p>&nbsp;<\/p>\n<p>&nbsp;<\/p>\n<p>&nbsp;<\/p>\n<p><span style=\"font-weight: 400;\">Com a crise e a grande onda de desemprego, o cart\u00e3o de desconto se tornou uma \u00f3tima alternativa a baixo custo para a popula\u00e7\u00e3o. Esta \u00e9 tamb\u00e9m uma op\u00e7\u00e3o para as pessoas que n\u00e3o querem fazer parte da longa fila de espera do SUS e n\u00e3o t\u00eam condi\u00e7\u00f5es de pagar um plano de sa\u00fade. Clique e confira a mat\u00e9ria:<\/span><\/p>\n<p>&nbsp;<\/p>\n<p>&nbsp;<\/p>\n<p>&nbsp;<\/p>\n<audio class=\"wp-audio-shortcode\" id=\"audio-31902-1\" preload=\"none\" style=\"width: 100%;\" controls=\"controls\"><source type=\"audio\/mpeg\" src=\"https:\/\/www.radio94fm.net\/site\/wp-content\/uploads\/2020\/01\/FPD-CUIDAR-DE-TODOS-24-01-20-Adelina.mp3?_=1\" \/><a href=\"https:\/\/www.radio94fm.net\/site\/wp-content\/uploads\/2020\/01\/FPD-CUIDAR-DE-TODOS-24-01-20-Adelina.mp3\">https:\/\/www.radio94fm.net\/site\/wp-content\/uploads\/2020\/01\/FPD-CUIDAR-DE-TODOS-24-01-20-Adelina.mp3<\/a><\/audio>\n<p>&nbsp;<\/p>\n<p>&nbsp;<\/p>\n<p>&nbsp;<\/p>\n<p><img loading=\"lazy\" decoding=\"async\" title=\"\" src=\"http:\/\/radio94fm.net\/site\/wp-content\/uploads\/2017\/05\/FIQUE-POR-DENTRO-HORARIO-6-1.gif\" alt=\"\" width=\"604\" height=\"144\"><\/p>\n","protected":false},"excerpt":{"rendered":"<p>&nbsp; &nbsp; &nbsp; Com a crise e a grande onda de desemprego, o cart\u00e3o de desconto se tornou uma \u00f3tima alternativa a baixo custo para a popula\u00e7\u00e3o. Esta \u00e9 tamb\u00e9m uma op\u00e7\u00e3o para as pessoas que n\u00e3o querem fazer parte da longa fila de espera do SUS e n\u00e3o t\u00eam condi\u00e7\u00f5es de pagar um plano&#8230;<\/p>\n","protected":false},"author":1,"featured_media":31904,"comment_status":"open","ping_status":"closed","sticky":false,"template":"","format":"standard","meta":{"ngg_post_thumbnail":0,"footnotes":""},"categories":[54],"tags":[],"class_list":["post-31902","post","type-post","status-publish","format-standard","has-post-thumbnail","hentry","category-fique-por-dentro","have-post-thumb"],"_links":{"self":[{"href":"https:\/\/radio94fm.net\/site\/wp-json\/wp\/v2\/posts\/31902","targetHints":{"allow":["GET"]}}],"collection":[{"href":"https:\/\/radio94fm.net\/site\/wp-json\/wp\/v2\/posts"}],"about":[{"href":"https:\/\/radio94fm.net\/site\/wp-json\/wp\/v2\/types\/post"}],"author":[{"embeddable":true,"href":"https:\/\/radio94fm.net\/site\/wp-json\/wp\/v2\/users\/1"}],"replies":[{"embeddable":true,"href":"https:\/\/radio94fm.net\/site\/wp-json\/wp\/v2\/comments?post=31902"}],"version-history":[{"count":0,"href":"https:\/\/radio94fm.net\/site\/wp-json\/wp\/v2\/posts\/31902\/revisions"}],"wp:attachment":[{"href":"https:\/\/radio94fm.net\/site\/wp-json\/wp\/v2\/media?parent=31902"}],"wp:term":[{"taxonomy":"category","embeddable":true,"href":"https:\/\/radio94fm.net\/site\/wp-json\/wp\/v2\/categories?post=31902"},{"taxonomy":"post_tag","embeddable":true,"href":"https:\/\/radio94fm.net\/site\/wp-json\/wp\/v2\/tags?post=31902"}],"curies":[{"name":"wp","href":"https:\/\/api.w.org\/{rel}","templated":true}]}}