{"id":31882,"date":"2020-01-29T16:18:37","date_gmt":"2020-01-29T19:18:37","guid":{"rendered":"http:\/\/www.radio94fm.net\/site\/?p=31882"},"modified":"2020-01-29T16:18:37","modified_gmt":"2020-01-29T19:18:37","slug":"campeao-mundial-de-jiu-jitsu-fala-de-seus-planos-para-2020","status":"publish","type":"post","link":"https:\/\/radio94fm.net\/site\/campeao-mundial-de-jiu-jitsu-fala-de-seus-planos-para-2020\/","title":{"rendered":"Campe\u00e3o mundial de Jiu-Jitsu fala de seus planos para 2020"},"content":{"rendered":"<p><img loading=\"lazy\" decoding=\"async\" title=\"\" src=\"http:\/\/radio94fm.net\/site\/wp-content\/uploads\/2016\/12\/FIQUE-POR-DENTRO-BANNER-DENTRO-2.gif\" alt=\"\" width=\"604\" height=\"80\"><\/p>\n<p>&nbsp;<\/p>\n<p>&nbsp;<\/p>\n<p><span style=\"font-weight: 400;\">O lutador lavrense, M\u00e1rcio Tiririca, que h\u00e1 16 anos se dedica a pr\u00e1tica do Jiu-Jitsu, viveu no ano de 2019 o \u00e1pice de sua carreira. Ele conquistou, em agosto, o primeiro lugar no campeonato mundial de Jiu-Jitsu, o World Master Jiu-Jitsu Championship, que foi realizado em Las Vegas, nos Estados Unidos. Clique abaixo para ouvir a mat\u00e9ria\u2026<\/span><\/p>\n<p>&nbsp;<\/p>\n<p>&nbsp;<\/p>\n<audio class=\"wp-audio-shortcode\" id=\"audio-31882-1\" preload=\"none\" style=\"width: 100%;\" controls=\"controls\"><source type=\"audio\/mpeg\" src=\"https:\/\/www.radio94fm.net\/site\/wp-content\/uploads\/2020\/01\/FPD-MARCIO-TIRIRICA-PLANOS-PRA-2020-24-0120-Pedro.mp3?_=1\" \/><a href=\"https:\/\/www.radio94fm.net\/site\/wp-content\/uploads\/2020\/01\/FPD-MARCIO-TIRIRICA-PLANOS-PRA-2020-24-0120-Pedro.mp3\">https:\/\/www.radio94fm.net\/site\/wp-content\/uploads\/2020\/01\/FPD-MARCIO-TIRIRICA-PLANOS-PRA-2020-24-0120-Pedro.mp3<\/a><\/audio>\n<p>&nbsp;<\/p>\n<p>&nbsp;<\/p>\n<p>&nbsp;<\/p>\n<p><img loading=\"lazy\" decoding=\"async\" title=\"\" src=\"http:\/\/radio94fm.net\/site\/wp-content\/uploads\/2017\/05\/FIQUE-POR-DENTRO-HORARIO-6-1.gif\" alt=\"\" width=\"604\" height=\"144\"><\/p>\n","protected":false},"excerpt":{"rendered":"<p>&nbsp; &nbsp; O lutador lavrense, M\u00e1rcio Tiririca, que h\u00e1 16 anos se dedica a pr\u00e1tica do Jiu-Jitsu, viveu no ano de 2019 o \u00e1pice de sua carreira. Ele conquistou, em agosto, o primeiro lugar no campeonato mundial de Jiu-Jitsu, o World Master Jiu-Jitsu Championship, que foi realizado em Las Vegas, nos Estados Unidos. Clique abaixo&#8230;<\/p>\n","protected":false},"author":1,"featured_media":31884,"comment_status":"open","ping_status":"closed","sticky":false,"template":"","format":"standard","meta":{"ngg_post_thumbnail":0,"footnotes":""},"categories":[54],"tags":[],"class_list":["post-31882","post","type-post","status-publish","format-standard","has-post-thumbnail","hentry","category-fique-por-dentro","have-post-thumb"],"_links":{"self":[{"href":"https:\/\/radio94fm.net\/site\/wp-json\/wp\/v2\/posts\/31882","targetHints":{"allow":["GET"]}}],"collection":[{"href":"https:\/\/radio94fm.net\/site\/wp-json\/wp\/v2\/posts"}],"about":[{"href":"https:\/\/radio94fm.net\/site\/wp-json\/wp\/v2\/types\/post"}],"author":[{"embeddable":true,"href":"https:\/\/radio94fm.net\/site\/wp-json\/wp\/v2\/users\/1"}],"replies":[{"embeddable":true,"href":"https:\/\/radio94fm.net\/site\/wp-json\/wp\/v2\/comments?post=31882"}],"version-history":[{"count":0,"href":"https:\/\/radio94fm.net\/site\/wp-json\/wp\/v2\/posts\/31882\/revisions"}],"wp:attachment":[{"href":"https:\/\/radio94fm.net\/site\/wp-json\/wp\/v2\/media?parent=31882"}],"wp:term":[{"taxonomy":"category","embeddable":true,"href":"https:\/\/radio94fm.net\/site\/wp-json\/wp\/v2\/categories?post=31882"},{"taxonomy":"post_tag","embeddable":true,"href":"https:\/\/radio94fm.net\/site\/wp-json\/wp\/v2\/tags?post=31882"}],"curies":[{"name":"wp","href":"https:\/\/api.w.org\/{rel}","templated":true}]}}