{"id":31826,"date":"2020-01-21T16:48:56","date_gmt":"2020-01-21T19:48:56","guid":{"rendered":"http:\/\/www.radio94fm.net\/site\/?p=31826"},"modified":"2020-01-21T16:48:56","modified_gmt":"2020-01-21T19:48:56","slug":"vacinacao-para-febre-amarela-em-criancas-passa-a-contar-com-duas-doses","status":"publish","type":"post","link":"https:\/\/radio94fm.net\/site\/vacinacao-para-febre-amarela-em-criancas-passa-a-contar-com-duas-doses\/","title":{"rendered":"Vacina\u00e7\u00e3o para febre amarela em crian\u00e7as passa a contar com duas doses"},"content":{"rendered":"<p><img decoding=\"async\" src=\"http:\/\/radio94fm.net\/site\/wp-content\/uploads\/2016\/12\/FIQUE-POR-DENTRO-BANNER-DENTRO-2.gif\"><\/p>\n<p>&nbsp;<\/p>\n<p>&nbsp;<\/p>\n<p>&nbsp;<\/p>\n<p><span style=\"font-weight: 400;\">A coordena\u00e7\u00e3o do setor de imuniza\u00e7\u00e3o da Secretaria Municipal de Sa\u00fade de Lavras, comunicou atrav\u00e9s de nota \u00e0 imprensa na \u00faltima ter\u00e7a-feira, dia 7, que a partir de agora toda crian\u00e7a ter\u00e1 direito a duas doses de vacina contra a febre amarela. Clique abaixo para ouvir a mat\u00e9ria\u2026<\/span><\/p>\n<p>&nbsp;<\/p>\n<p>&nbsp;<\/p>\n<p>&nbsp;<\/p>\n<audio class=\"wp-audio-shortcode\" id=\"audio-31826-1\" preload=\"none\" style=\"width: 100%;\" controls=\"controls\"><source type=\"audio\/mpeg\" src=\"https:\/\/www.radio94fm.net\/site\/wp-content\/uploads\/2020\/01\/FPD-VACINACAO-FEBRE-AMARELA-EM-CRIANCAS-13-01-20-Pedro.mp3?_=1\" \/><a href=\"https:\/\/www.radio94fm.net\/site\/wp-content\/uploads\/2020\/01\/FPD-VACINACAO-FEBRE-AMARELA-EM-CRIANCAS-13-01-20-Pedro.mp3\">https:\/\/www.radio94fm.net\/site\/wp-content\/uploads\/2020\/01\/FPD-VACINACAO-FEBRE-AMARELA-EM-CRIANCAS-13-01-20-Pedro.mp3<\/a><\/audio>\n<p>&nbsp;<\/p>\n<p>&nbsp;<\/p>\n<p>&nbsp;<\/p>\n<p>&nbsp;<\/p>\n<p><img loading=\"lazy\" decoding=\"async\" title=\"\" src=\"http:\/\/radio94fm.net\/site\/wp-content\/uploads\/2017\/05\/FIQUE-POR-DENTRO-HORARIO-6-1.gif\" alt=\"\" width=\"604\" height=\"144\"><\/p>\n","protected":false},"excerpt":{"rendered":"<p>&nbsp; &nbsp; &nbsp; A coordena\u00e7\u00e3o do setor de imuniza\u00e7\u00e3o da Secretaria Municipal de Sa\u00fade de Lavras, comunicou atrav\u00e9s de nota \u00e0 imprensa na \u00faltima ter\u00e7a-feira, dia 7, que a partir de agora toda crian\u00e7a ter\u00e1 direito a duas doses de vacina contra a febre amarela. Clique abaixo para ouvir a mat\u00e9ria\u2026 &nbsp; &nbsp; &nbsp; &nbsp;&#8230;<\/p>\n","protected":false},"author":1,"featured_media":31333,"comment_status":"open","ping_status":"closed","sticky":false,"template":"","format":"standard","meta":{"ngg_post_thumbnail":0,"footnotes":""},"categories":[54],"tags":[],"class_list":["post-31826","post","type-post","status-publish","format-standard","has-post-thumbnail","hentry","category-fique-por-dentro","have-post-thumb"],"_links":{"self":[{"href":"https:\/\/radio94fm.net\/site\/wp-json\/wp\/v2\/posts\/31826","targetHints":{"allow":["GET"]}}],"collection":[{"href":"https:\/\/radio94fm.net\/site\/wp-json\/wp\/v2\/posts"}],"about":[{"href":"https:\/\/radio94fm.net\/site\/wp-json\/wp\/v2\/types\/post"}],"author":[{"embeddable":true,"href":"https:\/\/radio94fm.net\/site\/wp-json\/wp\/v2\/users\/1"}],"replies":[{"embeddable":true,"href":"https:\/\/radio94fm.net\/site\/wp-json\/wp\/v2\/comments?post=31826"}],"version-history":[{"count":0,"href":"https:\/\/radio94fm.net\/site\/wp-json\/wp\/v2\/posts\/31826\/revisions"}],"wp:attachment":[{"href":"https:\/\/radio94fm.net\/site\/wp-json\/wp\/v2\/media?parent=31826"}],"wp:term":[{"taxonomy":"category","embeddable":true,"href":"https:\/\/radio94fm.net\/site\/wp-json\/wp\/v2\/categories?post=31826"},{"taxonomy":"post_tag","embeddable":true,"href":"https:\/\/radio94fm.net\/site\/wp-json\/wp\/v2\/tags?post=31826"}],"curies":[{"name":"wp","href":"https:\/\/api.w.org\/{rel}","templated":true}]}}