{"id":31771,"date":"2020-01-13T22:53:09","date_gmt":"2020-01-14T01:53:09","guid":{"rendered":"http:\/\/www.radio94fm.net\/site\/?p=31771"},"modified":"2020-01-13T22:53:09","modified_gmt":"2020-01-14T01:53:09","slug":"comandante-dos-bombeiros-fala-sobre-como-se-proteger-quando-acontece-uma-cabeca-dagua","status":"publish","type":"post","link":"https:\/\/radio94fm.net\/site\/comandante-dos-bombeiros-fala-sobre-como-se-proteger-quando-acontece-uma-cabeca-dagua\/","title":{"rendered":"Comandante dos bombeiros fala sobre como se proteger quando acontece uma cabe\u00e7a d&#8217;\u00e1gua"},"content":{"rendered":"<p><img decoding=\"async\" src=\"http:\/\/radio94fm.net\/site\/wp-content\/uploads\/2016\/12\/FIQUE-POR-DENTRO-BANNER-DENTRO-2.gif\"><\/p>\n<p>&nbsp;<\/p>\n<p>&nbsp;<\/p>\n<p>&nbsp;<\/p>\n<p><span style=\"font-weight: 400;\">No \u00faltimo dia primeiro, tr\u00eas pessoas morreram ap\u00f3s uma cabe\u00e7a d&#8217;\u00e1gua atingir um complexo de cachoeiras em Guap\u00e9, no Sul de Minas. Diversas fam\u00edlias e jovens estavam se divertindo nas cachoeiras quando o volume de \u00e1gua subiu repentinamente. Clique abaixo para ouvir a mat\u00e9ria\u2026<\/span><\/p>\n<p>&nbsp;<\/p>\n<p>&nbsp;<\/p>\n<p>&nbsp;<\/p>\n<audio class=\"wp-audio-shortcode\" id=\"audio-31771-1\" preload=\"none\" style=\"width: 100%;\" controls=\"controls\"><source type=\"audio\/mpeg\" src=\"https:\/\/www.radio94fm.net\/site\/wp-content\/uploads\/2020\/01\/FPD-BOMBEIRO-PROTECAO-CABECA-D_AGUA-08-01-19-Pedro.mp3?_=1\" \/><a href=\"https:\/\/www.radio94fm.net\/site\/wp-content\/uploads\/2020\/01\/FPD-BOMBEIRO-PROTECAO-CABECA-D_AGUA-08-01-19-Pedro.mp3\">https:\/\/www.radio94fm.net\/site\/wp-content\/uploads\/2020\/01\/FPD-BOMBEIRO-PROTECAO-CABECA-D_AGUA-08-01-19-Pedro.mp3<\/a><\/audio>\n<p>&nbsp;<\/p>\n<p>&nbsp;<\/p>\n<p>&nbsp;<\/p>\n<p><img loading=\"lazy\" decoding=\"async\" title=\"\" src=\"http:\/\/radio94fm.net\/site\/wp-content\/uploads\/2017\/05\/FIQUE-POR-DENTRO-HORARIO-6-1.gif\" alt=\"\" width=\"604\" height=\"144\"><\/p>\n","protected":false},"excerpt":{"rendered":"<p>&nbsp; &nbsp; &nbsp; No \u00faltimo dia primeiro, tr\u00eas pessoas morreram ap\u00f3s uma cabe\u00e7a d&#8217;\u00e1gua atingir um complexo de cachoeiras em Guap\u00e9, no Sul de Minas. Diversas fam\u00edlias e jovens estavam se divertindo nas cachoeiras quando o volume de \u00e1gua subiu repentinamente. Clique abaixo para ouvir a mat\u00e9ria\u2026 &nbsp; &nbsp; &nbsp; &nbsp; &nbsp; &nbsp;<\/p>\n","protected":false},"author":1,"featured_media":31773,"comment_status":"open","ping_status":"closed","sticky":false,"template":"","format":"standard","meta":{"ngg_post_thumbnail":0,"footnotes":""},"categories":[54],"tags":[],"class_list":["post-31771","post","type-post","status-publish","format-standard","has-post-thumbnail","hentry","category-fique-por-dentro","have-post-thumb"],"_links":{"self":[{"href":"https:\/\/radio94fm.net\/site\/wp-json\/wp\/v2\/posts\/31771","targetHints":{"allow":["GET"]}}],"collection":[{"href":"https:\/\/radio94fm.net\/site\/wp-json\/wp\/v2\/posts"}],"about":[{"href":"https:\/\/radio94fm.net\/site\/wp-json\/wp\/v2\/types\/post"}],"author":[{"embeddable":true,"href":"https:\/\/radio94fm.net\/site\/wp-json\/wp\/v2\/users\/1"}],"replies":[{"embeddable":true,"href":"https:\/\/radio94fm.net\/site\/wp-json\/wp\/v2\/comments?post=31771"}],"version-history":[{"count":0,"href":"https:\/\/radio94fm.net\/site\/wp-json\/wp\/v2\/posts\/31771\/revisions"}],"wp:attachment":[{"href":"https:\/\/radio94fm.net\/site\/wp-json\/wp\/v2\/media?parent=31771"}],"wp:term":[{"taxonomy":"category","embeddable":true,"href":"https:\/\/radio94fm.net\/site\/wp-json\/wp\/v2\/categories?post=31771"},{"taxonomy":"post_tag","embeddable":true,"href":"https:\/\/radio94fm.net\/site\/wp-json\/wp\/v2\/tags?post=31771"}],"curies":[{"name":"wp","href":"https:\/\/api.w.org\/{rel}","templated":true}]}}