{"id":31767,"date":"2020-01-13T22:51:11","date_gmt":"2020-01-14T01:51:11","guid":{"rendered":"http:\/\/www.radio94fm.net\/site\/?p=31767"},"modified":"2020-01-13T22:51:11","modified_gmt":"2020-01-14T01:51:11","slug":"comunidade-catolica-do-bairro-aquenta-sol-prepara-a-festa-para-seu-padroeiro","status":"publish","type":"post","link":"https:\/\/radio94fm.net\/site\/comunidade-catolica-do-bairro-aquenta-sol-prepara-a-festa-para-seu-padroeiro\/","title":{"rendered":"Comunidade cat\u00f3lica do bairro Aquenta Sol prepara a festa para seu padroeiro"},"content":{"rendered":"<p><img decoding=\"async\" src=\"http:\/\/radio94fm.net\/site\/wp-content\/uploads\/2016\/12\/FIQUE-POR-DENTRO-BANNER-DENTRO-2.gif\"><\/p>\n<p>&nbsp;<\/p>\n<p>&nbsp;<\/p>\n<p><span style=\"font-weight: 400;\">Nesta semana, na sexta-feira, dia 17, ter\u00e1 in\u00edcio o tr\u00edduo preparat\u00f3rio para a Festa da comunidade de S\u00e3o Sebasti\u00e3o para seu padroeiro. As missas solenes que v\u00e3o at\u00e9 o dia 19, ser\u00e3o realizadas na Capela de S\u00e3o Sebasti\u00e3o, localizada naquela comunidade. Clique abaixo para ouvir a mat\u00e9ria\u2026<\/span><\/p>\n<p>&nbsp;<\/p>\n<p>&nbsp;<\/p>\n<p>&nbsp;<\/p>\n<audio class=\"wp-audio-shortcode\" id=\"audio-31767-1\" preload=\"none\" style=\"width: 100%;\" controls=\"controls\"><source type=\"audio\/mpeg\" src=\"https:\/\/www.radio94fm.net\/site\/wp-content\/uploads\/2020\/01\/FPD-FESTA-S.-SEBASTIAO-NO-AQUENTAL-SOL-08-01-20-Pedro.mp3?_=1\" \/><a href=\"https:\/\/www.radio94fm.net\/site\/wp-content\/uploads\/2020\/01\/FPD-FESTA-S.-SEBASTIAO-NO-AQUENTAL-SOL-08-01-20-Pedro.mp3\">https:\/\/www.radio94fm.net\/site\/wp-content\/uploads\/2020\/01\/FPD-FESTA-S.-SEBASTIAO-NO-AQUENTAL-SOL-08-01-20-Pedro.mp3<\/a><\/audio>\n<p>&nbsp;<\/p>\n<p>&nbsp;<\/p>\n<p>&nbsp;<\/p>\n<p>&nbsp;<\/p>\n<p><img loading=\"lazy\" decoding=\"async\" title=\"\" src=\"http:\/\/radio94fm.net\/site\/wp-content\/uploads\/2017\/05\/FIQUE-POR-DENTRO-HORARIO-6-1.gif\" alt=\"\" width=\"604\" height=\"144\"><\/p>\n","protected":false},"excerpt":{"rendered":"<p>&nbsp; &nbsp; Nesta semana, na sexta-feira, dia 17, ter\u00e1 in\u00edcio o tr\u00edduo preparat\u00f3rio para a Festa da comunidade de S\u00e3o Sebasti\u00e3o para seu padroeiro. As missas solenes que v\u00e3o at\u00e9 o dia 19, ser\u00e3o realizadas na Capela de S\u00e3o Sebasti\u00e3o, localizada naquela comunidade. Clique abaixo para ouvir a mat\u00e9ria\u2026 &nbsp; &nbsp; &nbsp; &nbsp; &nbsp; &nbsp;&#8230;<\/p>\n","protected":false},"author":1,"featured_media":31769,"comment_status":"open","ping_status":"closed","sticky":false,"template":"","format":"standard","meta":{"ngg_post_thumbnail":0,"footnotes":""},"categories":[54],"tags":[],"class_list":["post-31767","post","type-post","status-publish","format-standard","has-post-thumbnail","hentry","category-fique-por-dentro","have-post-thumb"],"_links":{"self":[{"href":"https:\/\/radio94fm.net\/site\/wp-json\/wp\/v2\/posts\/31767","targetHints":{"allow":["GET"]}}],"collection":[{"href":"https:\/\/radio94fm.net\/site\/wp-json\/wp\/v2\/posts"}],"about":[{"href":"https:\/\/radio94fm.net\/site\/wp-json\/wp\/v2\/types\/post"}],"author":[{"embeddable":true,"href":"https:\/\/radio94fm.net\/site\/wp-json\/wp\/v2\/users\/1"}],"replies":[{"embeddable":true,"href":"https:\/\/radio94fm.net\/site\/wp-json\/wp\/v2\/comments?post=31767"}],"version-history":[{"count":0,"href":"https:\/\/radio94fm.net\/site\/wp-json\/wp\/v2\/posts\/31767\/revisions"}],"wp:attachment":[{"href":"https:\/\/radio94fm.net\/site\/wp-json\/wp\/v2\/media?parent=31767"}],"wp:term":[{"taxonomy":"category","embeddable":true,"href":"https:\/\/radio94fm.net\/site\/wp-json\/wp\/v2\/categories?post=31767"},{"taxonomy":"post_tag","embeddable":true,"href":"https:\/\/radio94fm.net\/site\/wp-json\/wp\/v2\/tags?post=31767"}],"curies":[{"name":"wp","href":"https:\/\/api.w.org\/{rel}","templated":true}]}}