{"id":31755,"date":"2020-01-08T16:02:29","date_gmt":"2020-01-08T19:02:29","guid":{"rendered":"http:\/\/www.radio94fm.net\/site\/?p=31755"},"modified":"2020-01-08T16:02:29","modified_gmt":"2020-01-08T19:02:29","slug":"analista-tira-duvidas-sobre-o-pagamento-do-ipva-2020","status":"publish","type":"post","link":"https:\/\/radio94fm.net\/site\/analista-tira-duvidas-sobre-o-pagamento-do-ipva-2020\/","title":{"rendered":"Analista tira d\u00favidas sobre o pagamento do IPVA 2020"},"content":{"rendered":"<p><img decoding=\"async\" src=\"http:\/\/radio94fm.net\/site\/wp-content\/uploads\/2016\/12\/FIQUE-POR-DENTRO-BANNER-DENTRO-2.gif\"><\/p>\n<p>&nbsp;<\/p>\n<p>&nbsp;<\/p>\n<p>&nbsp;<\/p>\n<p><span style=\"font-weight: 400;\">A escala de pagamento do IPVA 2020 em Minas Gerais come\u00e7a em 13 de janeiro e se encerra em 19 de mar\u00e7o. Como nos \u00faltimos anos, o contribuinte que decidir quitar o imposto \u00e0 vista, na data de vencimento da primeira parcela de sua placa, ter\u00e1 3% de desconto. Clique e confira a mat\u00e9ria:<\/span><\/p>\n<p>&nbsp;<\/p>\n<p>&nbsp;<\/p>\n<p>&nbsp;<\/p>\n<audio class=\"wp-audio-shortcode\" id=\"audio-31755-1\" preload=\"none\" style=\"width: 100%;\" controls=\"controls\"><source type=\"audio\/mpeg\" src=\"https:\/\/www.radio94fm.net\/site\/wp-content\/uploads\/2020\/01\/FPD-ANALISTA-TIRA-DUVIDAS-IPVA-08-01-20-Adelina.mp3?_=1\" \/><a href=\"https:\/\/www.radio94fm.net\/site\/wp-content\/uploads\/2020\/01\/FPD-ANALISTA-TIRA-DUVIDAS-IPVA-08-01-20-Adelina.mp3\">https:\/\/www.radio94fm.net\/site\/wp-content\/uploads\/2020\/01\/FPD-ANALISTA-TIRA-DUVIDAS-IPVA-08-01-20-Adelina.mp3<\/a><\/audio>\n<p>&nbsp;<\/p>\n<p>&nbsp;<\/p>\n<p>&nbsp;<\/p>\n<p>&nbsp;<\/p>\n<p><img loading=\"lazy\" decoding=\"async\" title=\"\" src=\"http:\/\/radio94fm.net\/site\/wp-content\/uploads\/2017\/05\/FIQUE-POR-DENTRO-HORARIO-6-1.gif\" alt=\"\" width=\"604\" height=\"144\"><\/p>\n","protected":false},"excerpt":{"rendered":"<p>&nbsp; &nbsp; &nbsp; A escala de pagamento do IPVA 2020 em Minas Gerais come\u00e7a em 13 de janeiro e se encerra em 19 de mar\u00e7o. Como nos \u00faltimos anos, o contribuinte que decidir quitar o imposto \u00e0 vista, na data de vencimento da primeira parcela de sua placa, ter\u00e1 3% de desconto. Clique e confira&#8230;<\/p>\n","protected":false},"author":1,"featured_media":31757,"comment_status":"open","ping_status":"closed","sticky":false,"template":"","format":"standard","meta":{"ngg_post_thumbnail":0,"footnotes":""},"categories":[54],"tags":[],"class_list":["post-31755","post","type-post","status-publish","format-standard","has-post-thumbnail","hentry","category-fique-por-dentro","have-post-thumb"],"_links":{"self":[{"href":"https:\/\/radio94fm.net\/site\/wp-json\/wp\/v2\/posts\/31755","targetHints":{"allow":["GET"]}}],"collection":[{"href":"https:\/\/radio94fm.net\/site\/wp-json\/wp\/v2\/posts"}],"about":[{"href":"https:\/\/radio94fm.net\/site\/wp-json\/wp\/v2\/types\/post"}],"author":[{"embeddable":true,"href":"https:\/\/radio94fm.net\/site\/wp-json\/wp\/v2\/users\/1"}],"replies":[{"embeddable":true,"href":"https:\/\/radio94fm.net\/site\/wp-json\/wp\/v2\/comments?post=31755"}],"version-history":[{"count":0,"href":"https:\/\/radio94fm.net\/site\/wp-json\/wp\/v2\/posts\/31755\/revisions"}],"wp:attachment":[{"href":"https:\/\/radio94fm.net\/site\/wp-json\/wp\/v2\/media?parent=31755"}],"wp:term":[{"taxonomy":"category","embeddable":true,"href":"https:\/\/radio94fm.net\/site\/wp-json\/wp\/v2\/categories?post=31755"},{"taxonomy":"post_tag","embeddable":true,"href":"https:\/\/radio94fm.net\/site\/wp-json\/wp\/v2\/tags?post=31755"}],"curies":[{"name":"wp","href":"https:\/\/api.w.org\/{rel}","templated":true}]}}