{"id":31714,"date":"2020-01-03T13:27:13","date_gmt":"2020-01-03T16:27:13","guid":{"rendered":"http:\/\/www.radio94fm.net\/site\/?p=31714"},"modified":"2020-01-03T13:27:13","modified_gmt":"2020-01-03T16:27:13","slug":"aluna-do-gammon-conquista-o-ouro-na-olimpiada-lavrense-de-matematica","status":"publish","type":"post","link":"https:\/\/radio94fm.net\/site\/aluna-do-gammon-conquista-o-ouro-na-olimpiada-lavrense-de-matematica\/","title":{"rendered":"Aluna do Gammon conquista o ouro na Olimp\u00edada Lavrense de Matem\u00e1tica"},"content":{"rendered":"<p><img decoding=\"async\" src=\"http:\/\/radio94fm.net\/site\/wp-content\/uploads\/2016\/12\/FIQUE-POR-DENTRO-BANNER-DENTRO-2.gif\"><\/p>\n<p>&nbsp;<\/p>\n<p>&nbsp;<\/p>\n<p>&nbsp;<\/p>\n<p><span style=\"font-weight: 400;\">Um dos destaques da edi\u00e7\u00e3o 2019 da Olimp\u00edada Lavrense de Matem\u00e1tica foi a aluna do Instituto Presbiteriano Gammon, Iara Vieira Vitarelli. Cursando a 7\u00aa s\u00e9rie do Ensino Fundamental, a jovem de 12 anos de idade conquistou a medalha de ouro no n\u00edvel 1 da competi\u00e7\u00e3o. Clique abaixo para ouvir a mat\u00e9ria\u2026<\/span><\/p>\n<p>&nbsp;<\/p>\n<p>&nbsp;<\/p>\n<p>&nbsp;<\/p>\n<audio class=\"wp-audio-shortcode\" id=\"audio-31714-1\" preload=\"none\" style=\"width: 100%;\" controls=\"controls\"><source type=\"audio\/mpeg\" src=\"https:\/\/www.radio94fm.net\/site\/wp-content\/uploads\/2020\/01\/FPD-ALUNA-MEDALHA-DE-OURO-OLIMP-MATEMATICA-27-12-19-Pedro.mp3?_=1\" \/><a href=\"https:\/\/www.radio94fm.net\/site\/wp-content\/uploads\/2020\/01\/FPD-ALUNA-MEDALHA-DE-OURO-OLIMP-MATEMATICA-27-12-19-Pedro.mp3\">https:\/\/www.radio94fm.net\/site\/wp-content\/uploads\/2020\/01\/FPD-ALUNA-MEDALHA-DE-OURO-OLIMP-MATEMATICA-27-12-19-Pedro.mp3<\/a><\/audio>\n<p>&nbsp;<\/p>\n<p>&nbsp;<\/p>\n<p>&nbsp;<\/p>\n<p>&nbsp;<\/p>\n<p><img loading=\"lazy\" decoding=\"async\" title=\"\" src=\"http:\/\/radio94fm.net\/site\/wp-content\/uploads\/2017\/05\/FIQUE-POR-DENTRO-HORARIO-6-1.gif\" alt=\"\" width=\"604\" height=\"144\"><\/p>\n<p>&nbsp;<\/p>\n<p>&nbsp;<\/p>\n","protected":false},"excerpt":{"rendered":"<p>&nbsp; &nbsp; &nbsp; Um dos destaques da edi\u00e7\u00e3o 2019 da Olimp\u00edada Lavrense de Matem\u00e1tica foi a aluna do Instituto Presbiteriano Gammon, Iara Vieira Vitarelli. Cursando a 7\u00aa s\u00e9rie do Ensino Fundamental, a jovem de 12 anos de idade conquistou a medalha de ouro no n\u00edvel 1 da competi\u00e7\u00e3o. Clique abaixo para ouvir a mat\u00e9ria\u2026 &nbsp;&#8230;<\/p>\n","protected":false},"author":1,"featured_media":31716,"comment_status":"open","ping_status":"closed","sticky":false,"template":"","format":"standard","meta":{"ngg_post_thumbnail":0,"footnotes":""},"categories":[54],"tags":[],"class_list":["post-31714","post","type-post","status-publish","format-standard","has-post-thumbnail","hentry","category-fique-por-dentro","have-post-thumb"],"_links":{"self":[{"href":"https:\/\/radio94fm.net\/site\/wp-json\/wp\/v2\/posts\/31714","targetHints":{"allow":["GET"]}}],"collection":[{"href":"https:\/\/radio94fm.net\/site\/wp-json\/wp\/v2\/posts"}],"about":[{"href":"https:\/\/radio94fm.net\/site\/wp-json\/wp\/v2\/types\/post"}],"author":[{"embeddable":true,"href":"https:\/\/radio94fm.net\/site\/wp-json\/wp\/v2\/users\/1"}],"replies":[{"embeddable":true,"href":"https:\/\/radio94fm.net\/site\/wp-json\/wp\/v2\/comments?post=31714"}],"version-history":[{"count":0,"href":"https:\/\/radio94fm.net\/site\/wp-json\/wp\/v2\/posts\/31714\/revisions"}],"wp:featuredmedia":[{"embeddable":true,"href":"https:\/\/radio94fm.net\/site\/wp-json\/"}],"wp:attachment":[{"href":"https:\/\/radio94fm.net\/site\/wp-json\/wp\/v2\/media?parent=31714"}],"wp:term":[{"taxonomy":"category","embeddable":true,"href":"https:\/\/radio94fm.net\/site\/wp-json\/wp\/v2\/categories?post=31714"},{"taxonomy":"post_tag","embeddable":true,"href":"https:\/\/radio94fm.net\/site\/wp-json\/wp\/v2\/tags?post=31714"}],"curies":[{"name":"wp","href":"https:\/\/api.w.org\/{rel}","templated":true}]}}