{"id":31704,"date":"2019-12-26T13:59:26","date_gmt":"2019-12-26T16:59:26","guid":{"rendered":"http:\/\/www.radio94fm.net\/site\/?p=31704"},"modified":"2019-12-26T13:59:26","modified_gmt":"2019-12-26T16:59:26","slug":"sesc-lavras-esta-com-inscricoes-abertas-para-oficinas-gratuitas-em-janeiro","status":"publish","type":"post","link":"https:\/\/radio94fm.net\/site\/sesc-lavras-esta-com-inscricoes-abertas-para-oficinas-gratuitas-em-janeiro\/","title":{"rendered":"Sesc Lavras est\u00e1 com inscri\u00e7\u00f5es abertas para oficinas gratuitas em janeiro"},"content":{"rendered":"<p><img decoding=\"async\" src=\"http:\/\/radio94fm.net\/site\/wp-content\/uploads\/2016\/12\/FIQUE-POR-DENTRO-BANNER-DENTRO-2.gif\"><\/p>\n<p>&nbsp;<\/p>\n<p>&nbsp;<\/p>\n<p>&nbsp;<\/p>\n<p><span style=\"font-weight: 400;\">Est\u00e3o abertas at\u00e9 o dia 6 de janeiro, as inscri\u00e7\u00f5es para as oficinas especiais de f\u00e9rias do Servi\u00e7o Social do Com\u00e9rcio (Sesc) em Lavras. As atividades gratuitas ser\u00e3o oferecidas entre 6 e 22 de janeiro sendo voltadas para pessoas de todas as idades.<\/span><\/p>\n<p>&nbsp;<\/p>\n<p>&nbsp;<\/p>\n<p>&nbsp;<\/p>\n<audio class=\"wp-audio-shortcode\" id=\"audio-31704-1\" preload=\"none\" style=\"width: 100%;\" controls=\"controls\"><source type=\"audio\/mpeg\" src=\"https:\/\/www.radio94fm.net\/site\/wp-content\/uploads\/2019\/12\/FPD-OFICINAS-SESC-17-12-19-Adelina.mp3?_=1\" \/><a href=\"https:\/\/www.radio94fm.net\/site\/wp-content\/uploads\/2019\/12\/FPD-OFICINAS-SESC-17-12-19-Adelina.mp3\">https:\/\/www.radio94fm.net\/site\/wp-content\/uploads\/2019\/12\/FPD-OFICINAS-SESC-17-12-19-Adelina.mp3<\/a><\/audio>\n<p>&nbsp;<\/p>\n<p>&nbsp;<\/p>\n<p>&nbsp;<\/p>\n<p>&nbsp;<\/p>\n<p><img loading=\"lazy\" decoding=\"async\" title=\"\" src=\"http:\/\/radio94fm.net\/site\/wp-content\/uploads\/2017\/05\/FIQUE-POR-DENTRO-HORARIO-6-1.gif\" alt=\"\" width=\"604\" height=\"144\"><\/p>\n","protected":false},"excerpt":{"rendered":"<p>&nbsp; &nbsp; &nbsp; Est\u00e3o abertas at\u00e9 o dia 6 de janeiro, as inscri\u00e7\u00f5es para as oficinas especiais de f\u00e9rias do Servi\u00e7o Social do Com\u00e9rcio (Sesc) em Lavras. As atividades gratuitas ser\u00e3o oferecidas entre 6 e 22 de janeiro sendo voltadas para pessoas de todas as idades. &nbsp; &nbsp; &nbsp; &nbsp; &nbsp; &nbsp; &nbsp;<\/p>\n","protected":false},"author":1,"featured_media":31706,"comment_status":"open","ping_status":"closed","sticky":false,"template":"","format":"standard","meta":{"ngg_post_thumbnail":0,"footnotes":""},"categories":[54],"tags":[],"class_list":["post-31704","post","type-post","status-publish","format-standard","has-post-thumbnail","hentry","category-fique-por-dentro","have-post-thumb"],"_links":{"self":[{"href":"https:\/\/radio94fm.net\/site\/wp-json\/wp\/v2\/posts\/31704","targetHints":{"allow":["GET"]}}],"collection":[{"href":"https:\/\/radio94fm.net\/site\/wp-json\/wp\/v2\/posts"}],"about":[{"href":"https:\/\/radio94fm.net\/site\/wp-json\/wp\/v2\/types\/post"}],"author":[{"embeddable":true,"href":"https:\/\/radio94fm.net\/site\/wp-json\/wp\/v2\/users\/1"}],"replies":[{"embeddable":true,"href":"https:\/\/radio94fm.net\/site\/wp-json\/wp\/v2\/comments?post=31704"}],"version-history":[{"count":0,"href":"https:\/\/radio94fm.net\/site\/wp-json\/wp\/v2\/posts\/31704\/revisions"}],"wp:attachment":[{"href":"https:\/\/radio94fm.net\/site\/wp-json\/wp\/v2\/media?parent=31704"}],"wp:term":[{"taxonomy":"category","embeddable":true,"href":"https:\/\/radio94fm.net\/site\/wp-json\/wp\/v2\/categories?post=31704"},{"taxonomy":"post_tag","embeddable":true,"href":"https:\/\/radio94fm.net\/site\/wp-json\/wp\/v2\/tags?post=31704"}],"curies":[{"name":"wp","href":"https:\/\/api.w.org\/{rel}","templated":true}]}}