{"id":31700,"date":"2019-12-26T13:57:29","date_gmt":"2019-12-26T16:57:29","guid":{"rendered":"http:\/\/www.radio94fm.net\/site\/?p=31700"},"modified":"2019-12-26T13:57:29","modified_gmt":"2019-12-26T16:57:29","slug":"projeto-transforma-vidas-de-criancas-e-adolescentes-do-bairro-agua-limpa","status":"publish","type":"post","link":"https:\/\/radio94fm.net\/site\/projeto-transforma-vidas-de-criancas-e-adolescentes-do-bairro-agua-limpa\/","title":{"rendered":"Projeto transforma vidas de crian\u00e7as e adolescentes do bairro \u00c1gua Limpa"},"content":{"rendered":"<p><img decoding=\"async\" src=\"http:\/\/radio94fm.net\/site\/wp-content\/uploads\/2016\/12\/FIQUE-POR-DENTRO-BANNER-DENTRO-2.gif\"><\/p>\n<p>&nbsp;<\/p>\n<p>&nbsp;<\/p>\n<p>&nbsp;<\/p>\n<p><span style=\"font-weight: 400;\">Investir em arte e educa\u00e7\u00e3o \u00e9 um dos objetivos do Projeto Revivendo o \u00c1gua Limpa, idealizado por estudantes do curso de Arquitetura e Urbanismo do Centro Universit\u00e1rio de Lavras.&nbsp;<\/span>O grupo promove a inclus\u00e3o social de jovens e crian\u00e7as com atividades de cultura e do lazer, al\u00e9m de realizar a\u00e7\u00f5es sociais atrav\u00e9s de doa\u00e7\u00f5es de parceiros e moradores que apoiam a causa.&nbsp; Clique e confira a mat\u00e9ria:<\/p>\n<p>&nbsp;<\/p>\n<p>&nbsp;<\/p>\n<p>&nbsp;<\/p>\n<audio class=\"wp-audio-shortcode\" id=\"audio-31700-1\" preload=\"none\" style=\"width: 100%;\" controls=\"controls\"><source type=\"audio\/mpeg\" src=\"https:\/\/www.radio94fm.net\/site\/wp-content\/uploads\/2019\/12\/FPD-PROJETO-REVIVENDO-O-AGUA-LIMPA-16-12-19-Adelina.mp3?_=1\" \/><a href=\"https:\/\/www.radio94fm.net\/site\/wp-content\/uploads\/2019\/12\/FPD-PROJETO-REVIVENDO-O-AGUA-LIMPA-16-12-19-Adelina.mp3\">https:\/\/www.radio94fm.net\/site\/wp-content\/uploads\/2019\/12\/FPD-PROJETO-REVIVENDO-O-AGUA-LIMPA-16-12-19-Adelina.mp3<\/a><\/audio>\n<p>&nbsp;<\/p>\n<p>&nbsp;<\/p>\n<p>&nbsp;<\/p>\n<p>&nbsp;<\/p>\n<p>&nbsp;<\/p>\n<p><img loading=\"lazy\" decoding=\"async\" title=\"\" src=\"http:\/\/radio94fm.net\/site\/wp-content\/uploads\/2017\/05\/FIQUE-POR-DENTRO-HORARIO-6-1.gif\" alt=\"\" width=\"604\" height=\"144\"><\/p>\n","protected":false},"excerpt":{"rendered":"<p>&nbsp; &nbsp; &nbsp; Investir em arte e educa\u00e7\u00e3o \u00e9 um dos objetivos do Projeto Revivendo o \u00c1gua Limpa, idealizado por estudantes do curso de Arquitetura e Urbanismo do Centro Universit\u00e1rio de Lavras.&nbsp;O grupo promove a inclus\u00e3o social de jovens e crian\u00e7as com atividades de cultura e do lazer, al\u00e9m de realizar a\u00e7\u00f5es sociais atrav\u00e9s de&#8230;<\/p>\n","protected":false},"author":1,"featured_media":31702,"comment_status":"open","ping_status":"closed","sticky":false,"template":"","format":"standard","meta":{"ngg_post_thumbnail":0,"footnotes":""},"categories":[54],"tags":[],"class_list":["post-31700","post","type-post","status-publish","format-standard","has-post-thumbnail","hentry","category-fique-por-dentro","have-post-thumb"],"_links":{"self":[{"href":"https:\/\/radio94fm.net\/site\/wp-json\/wp\/v2\/posts\/31700","targetHints":{"allow":["GET"]}}],"collection":[{"href":"https:\/\/radio94fm.net\/site\/wp-json\/wp\/v2\/posts"}],"about":[{"href":"https:\/\/radio94fm.net\/site\/wp-json\/wp\/v2\/types\/post"}],"author":[{"embeddable":true,"href":"https:\/\/radio94fm.net\/site\/wp-json\/wp\/v2\/users\/1"}],"replies":[{"embeddable":true,"href":"https:\/\/radio94fm.net\/site\/wp-json\/wp\/v2\/comments?post=31700"}],"version-history":[{"count":0,"href":"https:\/\/radio94fm.net\/site\/wp-json\/wp\/v2\/posts\/31700\/revisions"}],"wp:attachment":[{"href":"https:\/\/radio94fm.net\/site\/wp-json\/wp\/v2\/media?parent=31700"}],"wp:term":[{"taxonomy":"category","embeddable":true,"href":"https:\/\/radio94fm.net\/site\/wp-json\/wp\/v2\/categories?post=31700"},{"taxonomy":"post_tag","embeddable":true,"href":"https:\/\/radio94fm.net\/site\/wp-json\/wp\/v2\/tags?post=31700"}],"curies":[{"name":"wp","href":"https:\/\/api.w.org\/{rel}","templated":true}]}}