{"id":31692,"date":"2019-12-26T13:50:47","date_gmt":"2019-12-26T16:50:47","guid":{"rendered":"http:\/\/www.radio94fm.net\/site\/?p=31692"},"modified":"2019-12-26T13:50:47","modified_gmt":"2019-12-26T16:50:47","slug":"comercio-lavrense-ja-esta-funcionando-com-horario-estendido-para-as-compras-de-fim-de-ano","status":"publish","type":"post","link":"https:\/\/radio94fm.net\/site\/comercio-lavrense-ja-esta-funcionando-com-horario-estendido-para-as-compras-de-fim-de-ano\/","title":{"rendered":"Com\u00e9rcio lavrense j\u00e1 est\u00e1 funcionando com hor\u00e1rio estendido para as compras de fim de ano"},"content":{"rendered":"<p><img decoding=\"async\" src=\"http:\/\/radio94fm.net\/site\/wp-content\/uploads\/2016\/12\/FIQUE-POR-DENTRO-BANNER-DENTRO-2.gif\"><\/p>\n<p>&nbsp;<\/p>\n<p>&nbsp;<\/p>\n<p>&nbsp;<\/p>\n<p><span style=\"font-weight: 400;\">O com\u00e9rcio varejista de Lavras passou a funcionar em hor\u00e1rio especial para as compras de fim de ano. Aproveitando o pagamento do d\u00e9cimo terceiro e o saque imediato do Fundo de Garantia do Tempo de Servi\u00e7o, boa parte das lojas est\u00e3o funcionando com o seu hor\u00e1rio estendido. Clique abaixo para ouvir a mat\u00e9ria\u2026<\/span><\/p>\n<p>&nbsp;<\/p>\n<p>&nbsp;<\/p>\n<audio class=\"wp-audio-shortcode\" id=\"audio-31692-1\" preload=\"none\" style=\"width: 100%;\" controls=\"controls\"><source type=\"audio\/mpeg\" src=\"https:\/\/www.radio94fm.net\/site\/wp-content\/uploads\/2019\/12\/FPD-CDL-HORARIO-ESPECIAL-16-12-19-Pedro.mp3?_=1\" \/><a href=\"https:\/\/www.radio94fm.net\/site\/wp-content\/uploads\/2019\/12\/FPD-CDL-HORARIO-ESPECIAL-16-12-19-Pedro.mp3\">https:\/\/www.radio94fm.net\/site\/wp-content\/uploads\/2019\/12\/FPD-CDL-HORARIO-ESPECIAL-16-12-19-Pedro.mp3<\/a><\/audio>\n<p>&nbsp;<\/p>\n<p>&nbsp;<\/p>\n<p>&nbsp;<\/p>\n<p>&nbsp;<\/p>\n<p><img loading=\"lazy\" decoding=\"async\" title=\"\" src=\"http:\/\/radio94fm.net\/site\/wp-content\/uploads\/2017\/05\/FIQUE-POR-DENTRO-HORARIO-6-1.gif\" alt=\"\" width=\"604\" height=\"144\"><\/p>\n","protected":false},"excerpt":{"rendered":"<p>&nbsp; &nbsp; &nbsp; O com\u00e9rcio varejista de Lavras passou a funcionar em hor\u00e1rio especial para as compras de fim de ano. Aproveitando o pagamento do d\u00e9cimo terceiro e o saque imediato do Fundo de Garantia do Tempo de Servi\u00e7o, boa parte das lojas est\u00e3o funcionando com o seu hor\u00e1rio estendido. Clique abaixo para ouvir a&#8230;<\/p>\n","protected":false},"author":1,"featured_media":31694,"comment_status":"open","ping_status":"closed","sticky":false,"template":"","format":"standard","meta":{"ngg_post_thumbnail":0,"footnotes":""},"categories":[54],"tags":[],"class_list":["post-31692","post","type-post","status-publish","format-standard","has-post-thumbnail","hentry","category-fique-por-dentro","have-post-thumb"],"_links":{"self":[{"href":"https:\/\/radio94fm.net\/site\/wp-json\/wp\/v2\/posts\/31692","targetHints":{"allow":["GET"]}}],"collection":[{"href":"https:\/\/radio94fm.net\/site\/wp-json\/wp\/v2\/posts"}],"about":[{"href":"https:\/\/radio94fm.net\/site\/wp-json\/wp\/v2\/types\/post"}],"author":[{"embeddable":true,"href":"https:\/\/radio94fm.net\/site\/wp-json\/wp\/v2\/users\/1"}],"replies":[{"embeddable":true,"href":"https:\/\/radio94fm.net\/site\/wp-json\/wp\/v2\/comments?post=31692"}],"version-history":[{"count":0,"href":"https:\/\/radio94fm.net\/site\/wp-json\/wp\/v2\/posts\/31692\/revisions"}],"wp:attachment":[{"href":"https:\/\/radio94fm.net\/site\/wp-json\/wp\/v2\/media?parent=31692"}],"wp:term":[{"taxonomy":"category","embeddable":true,"href":"https:\/\/radio94fm.net\/site\/wp-json\/wp\/v2\/categories?post=31692"},{"taxonomy":"post_tag","embeddable":true,"href":"https:\/\/radio94fm.net\/site\/wp-json\/wp\/v2\/tags?post=31692"}],"curies":[{"name":"wp","href":"https:\/\/api.w.org\/{rel}","templated":true}]}}